{"id":16346,"date":"2022-09-26T11:19:57","date_gmt":"2022-09-26T14:19:57","guid":{"rendered":"https:\/\/tacuarembo.gub.uy\/?p=16346"},"modified":"2022-09-26T11:20:13","modified_gmt":"2022-09-26T14:20:13","slug":"mes-de-la-diversidad-marcha-show-musical-y-fachadas-iluminadas","status":"publish","type":"post","link":"https:\/\/tacuarembo.gub.uy\/?p=16346","title":{"rendered":"Mes de la Diversidad: marcha, show musical y fachadas iluminadas"},"content":{"rendered":"\n<p>Como cada a\u00f1o, en setiembre se conmemora el Mes de la Diversidad con el prop\u00f3sito de desarrollar instancias de difusi\u00f3n, sensibilizaci\u00f3n y reflexi\u00f3n que promuevan la participaci\u00f3n ciudadana y el acceso efectivo a los derechos humanos, as\u00ed como tambi\u00e9n recordar las pol\u00edticas p\u00fablicas en materia de diversidad sexual.<\/p>\n\n\n\n<p>En ese marco, la Intendencia de Tacuaremb\u00f3 apoya distintas actividades, entre ellas, la marcha que tuvo lugar el s\u00e1bado 24 de setiembre por la avenida Manuel Oribe hasta llegar al Parque Rod\u00f3, donde se ley\u00f3 una proclama y se cont\u00f3 con la presentaci\u00f3n de diferentes artistas.<\/p>\n\n\n\n<p>El psic\u00f3logo y encargado de la Oficina de G\u00e9nero, Equidad y Diversidad de la IDT, dependiente de la Direcci\u00f3n General de Desarrollo Social, Nicol\u00e1s Rosas, indic\u00f3 que \u201cfue un evento muy lindo y de gran convocatoria donde la Intendencia colabor\u00f3 con el espacio f\u00edsico y la amplificaci\u00f3n para que los colectivos pudieran reivindicar sus derechos\u201d.<\/p>\n\n\n\n<p>Otro de los aspectos por el cual se marcha \u201ces darles visibilidad, difundir y llegar a la poblaci\u00f3n con el mensaje\u201d. Asimismo, por estos d\u00edas se puede observar la intervenci\u00f3n de distintas fachadas mediante la iluminaci\u00f3n de las mismas, record\u00f3 Rosas.<\/p>\n\n\n\n<p>Por otra parte, los colectivos LGBTIQ+ llevar\u00e1n adelante un taller destinado a la ciudadan\u00eda que tambi\u00e9n contar\u00e1 con el apoyo de la Intendencia.<\/p>\n\n\n\n<figure class=\"wp-block-gallery has-nested-images columns-3 is-cropped wp-block-gallery-1 is-layout-flex wp-block-gallery-is-layout-flex\">\n<figure class=\"wp-block-image size-large\"><img loading=\"lazy\" decoding=\"async\" width=\"2048\" height=\"1536\" data-id=\"16347\" src=\"https:\/\/tacuarembo.gub.uy\/wp-content\/uploads\/WhatsApp-Image-2022-09-26-at-11.17.26.jpeg\" alt=\"\" class=\"wp-image-16347\" srcset=\"https:\/\/tacuarembo.gub.uy\/wp-content\/uploads\/WhatsApp-Image-2022-09-26-at-11.17.26.jpeg 2048w, https:\/\/tacuarembo.gub.uy\/wp-content\/uploads\/WhatsApp-Image-2022-09-26-at-11.17.26-768x576.jpeg 768w, https:\/\/tacuarembo.gub.uy\/wp-content\/uploads\/WhatsApp-Image-2022-09-26-at-11.17.26-1536x1152.jpeg 1536w\" sizes=\"auto, (max-width: 2048px) 100vw, 2048px\" \/><\/figure>\n\n\n\n<figure class=\"wp-block-image size-large\"><img loading=\"lazy\" decoding=\"async\" width=\"1024\" height=\"722\" data-id=\"16348\" src=\"https:\/\/tacuarembo.gub.uy\/wp-content\/uploads\/WhatsApp-Image-2022-09-26-at-11.17.252.jpeg\" alt=\"\" class=\"wp-image-16348\" srcset=\"https:\/\/tacuarembo.gub.uy\/wp-content\/uploads\/WhatsApp-Image-2022-09-26-at-11.17.252.jpeg 1024w, https:\/\/tacuarembo.gub.uy\/wp-content\/uploads\/WhatsApp-Image-2022-09-26-at-11.17.252-200x140.jpeg 200w, https:\/\/tacuarembo.gub.uy\/wp-content\/uploads\/WhatsApp-Image-2022-09-26-at-11.17.252-768x542.jpeg 768w\" sizes=\"auto, (max-width: 1024px) 100vw, 1024px\" \/><\/figure>\n\n\n\n<figure class=\"wp-block-image size-large\"><img loading=\"lazy\" decoding=\"async\" width=\"1024\" height=\"768\" data-id=\"16349\" src=\"https:\/\/tacuarembo.gub.uy\/wp-content\/uploads\/WhatsApp-Image-2022-09-26-at-11.17.251.jpeg\" alt=\"\" class=\"wp-image-16349\" srcset=\"https:\/\/tacuarembo.gub.uy\/wp-content\/uploads\/WhatsApp-Image-2022-09-26-at-11.17.251.jpeg 1024w, https:\/\/tacuarembo.gub.uy\/wp-content\/uploads\/WhatsApp-Image-2022-09-26-at-11.17.251-768x576.jpeg 768w\" sizes=\"auto, (max-width: 1024px) 100vw, 1024px\" \/><\/figure>\n\n\n\n<figure class=\"wp-block-image size-large\"><img loading=\"lazy\" decoding=\"async\" width=\"1024\" height=\"768\" data-id=\"16350\" src=\"https:\/\/tacuarembo.gub.uy\/wp-content\/uploads\/WhatsApp-Image-2022-09-26-at-11.17.25.jpeg\" alt=\"\" class=\"wp-image-16350\" srcset=\"https:\/\/tacuarembo.gub.uy\/wp-content\/uploads\/WhatsApp-Image-2022-09-26-at-11.17.25.jpeg 1024w, https:\/\/tacuarembo.gub.uy\/wp-content\/uploads\/WhatsApp-Image-2022-09-26-at-11.17.25-768x576.jpeg 768w\" sizes=\"auto, (max-width: 1024px) 100vw, 1024px\" \/><\/figure>\n\n\n\n<figure class=\"wp-block-image size-large\"><img loading=\"lazy\" decoding=\"async\" width=\"1024\" height=\"974\" data-id=\"16351\" src=\"https:\/\/tacuarembo.gub.uy\/wp-content\/uploads\/WhatsApp-Image-2022-09-26-at-11.17.24.jpeg\" alt=\"\" class=\"wp-image-16351\" srcset=\"https:\/\/tacuarembo.gub.uy\/wp-content\/uploads\/WhatsApp-Image-2022-09-26-at-11.17.24.jpeg 1024w, https:\/\/tacuarembo.gub.uy\/wp-content\/uploads\/WhatsApp-Image-2022-09-26-at-11.17.24-768x731.jpeg 768w\" sizes=\"auto, (max-width: 1024px) 100vw, 1024px\" \/><\/figure>\n<\/figure>\n","protected":false},"excerpt":{"rendered":"<p>Como cada a\u00f1o, en setiembre se conmemora el Mes de la Diversidad con el prop\u00f3sito de desarrollar instancias de difusi\u00f3n, sensibilizaci\u00f3n y reflexi\u00f3n que promuevan la participaci\u00f3n ciudadana y el acceso efectivo a los derechos humanos, as\u00ed como tambi\u00e9n recordar las pol\u00edticas p\u00fablicas en materia de diversidad sexual<\/p>\n","protected":false},"author":3,"featured_media":16348,"comment_status":"open","ping_status":"open","sticky":false,"template":"","format":"standard","meta":{"_eb_attr":"","footnotes":""},"categories":[16],"tags":[],"class_list":{"0":"post-16346","1":"post","2":"type-post","3":"status-publish","4":"format-standard","5":"has-post-thumbnail","7":"category-noticias"},"_links":{"self":[{"href":"https:\/\/tacuarembo.gub.uy\/index.php?rest_route=\/wp\/v2\/posts\/16346","targetHints":{"allow":["GET"]}}],"collection":[{"href":"https:\/\/tacuarembo.gub.uy\/index.php?rest_route=\/wp\/v2\/posts"}],"about":[{"href":"https:\/\/tacuarembo.gub.uy\/index.php?rest_route=\/wp\/v2\/types\/post"}],"author":[{"embeddable":true,"href":"https:\/\/tacuarembo.gub.uy\/index.php?rest_route=\/wp\/v2\/users\/3"}],"replies":[{"embeddable":true,"href":"https:\/\/tacuarembo.gub.uy\/index.php?rest_route=%2Fwp%2Fv2%2Fcomments&post=16346"}],"version-history":[{"count":2,"href":"https:\/\/tacuarembo.gub.uy\/index.php?rest_route=\/wp\/v2\/posts\/16346\/revisions"}],"predecessor-version":[{"id":16353,"href":"https:\/\/tacuarembo.gub.uy\/index.php?rest_route=\/wp\/v2\/posts\/16346\/revisions\/16353"}],"wp:featuredmedia":[{"embeddable":true,"href":"https:\/\/tacuarembo.gub.uy\/index.php?rest_route=\/wp\/v2\/media\/16348"}],"wp:attachment":[{"href":"https:\/\/tacuarembo.gub.uy\/index.php?rest_route=%2Fwp%2Fv2%2Fmedia&parent=16346"}],"wp:term":[{"taxonomy":"category","embeddable":true,"href":"https:\/\/tacuarembo.gub.uy\/index.php?rest_route=%2Fwp%2Fv2%2Fcategories&post=16346"},{"taxonomy":"post_tag","embeddable":true,"href":"https:\/\/tacuarembo.gub.uy\/index.php?rest_route=%2Fwp%2Fv2%2Ftags&post=16346"}],"curies":[{"name":"wp","href":"https:\/\/api.w.org\/{rel}","templated":true}]}}