{"id":16324,"date":"2022-09-23T13:09:25","date_gmt":"2022-09-23T16:09:25","guid":{"rendered":"https:\/\/tacuarembo.gub.uy\/?p=16324"},"modified":"2022-09-23T15:23:03","modified_gmt":"2022-09-23T18:23:03","slug":"exposicion-matices-se-inaugura-este-viernes-23-en-el-muart","status":"publish","type":"post","link":"https:\/\/tacuarembo.gub.uy\/?p=16324","title":{"rendered":"Exposici\u00f3n \u201cMatices\u201d se inaugura este viernes 23 en el MUART"},"content":{"rendered":"\n<p>La Direcci\u00f3n General de Cultura de la Intendencia de Tacuaremb\u00f3 invita a participar de la inauguraci\u00f3n de la muestra inspirada en la Fiesta de la Patria Gaucha.<\/p>\n\n\n\n<p>Ser\u00e1 este viernes 23 de setiembre, a las 18:30 horas, en el Museo de Artes Pl\u00e1sticas (MUART).<\/p>\n\n\n\n<p>Esta exposici\u00f3n cuenta con trabajos de Lucy Alderete; Sofia Brum; Marnels Ferreira; Cecilia Freitas; Marianela Fros; Greetel Guerra; Nahir Ramos; Galsys Sant\u2019anna; Yennifer Silva; Zulma Su\u00e1rez y Cristi V\u00e1zquez.<\/p>\n\n\n\n<p>El p\u00fablico podr\u00e1 disfrutar de una amplia variedad de fotograf\u00edas creadas por los diferentes integrantes de la referida muestra.<\/p>\n\n\n<p><img loading=\"lazy\" decoding=\"async\" width=\"1135\" height=\"1600\" class=\"alignnone size-full wp-image-16326\" src=\"https:\/\/tacuarembo.gub.uy\/wp-content\/uploads\/WhatsApp-Image-2022-09-23-at-13.00.00.jpeg\" alt=\"\" srcset=\"https:\/\/tacuarembo.gub.uy\/wp-content\/uploads\/WhatsApp-Image-2022-09-23-at-13.00.00.jpeg 1135w, https:\/\/tacuarembo.gub.uy\/wp-content\/uploads\/WhatsApp-Image-2022-09-23-at-13.00.00-768x1083.jpeg 768w, https:\/\/tacuarembo.gub.uy\/wp-content\/uploads\/WhatsApp-Image-2022-09-23-at-13.00.00-1090x1536.jpeg 1090w\" sizes=\"auto, (max-width: 1135px) 100vw, 1135px\" \/><\/p>","protected":false},"excerpt":{"rendered":"<p>La Direcci\u00f3n General de Cultura de la Intendencia de Tacuaremb\u00f3 invita a participar de la inauguraci\u00f3n de la muestra inspirada en la Fiesta de la Patria Gaucha<\/p>\n","protected":false},"author":3,"featured_media":16325,"comment_status":"open","ping_status":"open","sticky":false,"template":"","format":"standard","meta":{"_eb_attr":"","footnotes":""},"categories":[18,16],"tags":[],"class_list":{"0":"post-16324","1":"post","2":"type-post","3":"status-publish","4":"format-standard","5":"has-post-thumbnail","7":"category-cultura","8":"category-noticias"},"_links":{"self":[{"href":"https:\/\/tacuarembo.gub.uy\/index.php?rest_route=\/wp\/v2\/posts\/16324","targetHints":{"allow":["GET"]}}],"collection":[{"href":"https:\/\/tacuarembo.gub.uy\/index.php?rest_route=\/wp\/v2\/posts"}],"about":[{"href":"https:\/\/tacuarembo.gub.uy\/index.php?rest_route=\/wp\/v2\/types\/post"}],"author":[{"embeddable":true,"href":"https:\/\/tacuarembo.gub.uy\/index.php?rest_route=\/wp\/v2\/users\/3"}],"replies":[{"embeddable":true,"href":"https:\/\/tacuarembo.gub.uy\/index.php?rest_route=%2Fwp%2Fv2%2Fcomments&post=16324"}],"version-history":[{"count":2,"href":"https:\/\/tacuarembo.gub.uy\/index.php?rest_route=\/wp\/v2\/posts\/16324\/revisions"}],"predecessor-version":[{"id":16328,"href":"https:\/\/tacuarembo.gub.uy\/index.php?rest_route=\/wp\/v2\/posts\/16324\/revisions\/16328"}],"wp:featuredmedia":[{"embeddable":true,"href":"https:\/\/tacuarembo.gub.uy\/index.php?rest_route=\/wp\/v2\/media\/16325"}],"wp:attachment":[{"href":"https:\/\/tacuarembo.gub.uy\/index.php?rest_route=%2Fwp%2Fv2%2Fmedia&parent=16324"}],"wp:term":[{"taxonomy":"category","embeddable":true,"href":"https:\/\/tacuarembo.gub.uy\/index.php?rest_route=%2Fwp%2Fv2%2Fcategories&post=16324"},{"taxonomy":"post_tag","embeddable":true,"href":"https:\/\/tacuarembo.gub.uy\/index.php?rest_route=%2Fwp%2Fv2%2Ftags&post=16324"}],"curies":[{"name":"wp","href":"https:\/\/api.w.org\/{rel}","templated":true}]}}