{"id":16237,"date":"2022-09-20T13:57:31","date_gmt":"2022-09-20T16:57:31","guid":{"rendered":"https:\/\/tacuarembo.gub.uy\/?p=16237"},"modified":"2022-09-21T08:56:47","modified_gmt":"2022-09-21T11:56:47","slug":"porcile-destaco-el-servicio-de-comedor-que-brinda-la-intendencia-en-la-ciudad","status":"publish","type":"post","link":"https:\/\/tacuarembo.gub.uy\/?p=16237","title":{"rendered":"Porcile destac\u00f3 el servicio de comedor que brinda la Intendencia en la ciudad"},"content":{"rendered":"\n<p>El director de Desarrollo Social de la IDT, Sergio Porcile, realiz\u00f3 una recorrida con el objetivo de acompa\u00f1ar a los funcionarios municipales y a las personas que hacen uso del servicio. Sostuvo que durante su visita al Centro de Barrio N\u00ba 2 los usuarios se mostraron agradecidos por la atenci\u00f3n recibida y para nosotros es muy gratificante ver de primera mano c\u00f3mo se desarrolla y brinda esta ayuda que comprende a las familias m\u00e1s vulnerables\u201d, afirm\u00f3 el jerarca.<\/p>\n\n\n\n<p>El Programa de Seguridad Alimentaria es ejecutado por la Intendencia de Tacuaremb\u00f3 y el Instituto Nacional de Alimentaci\u00f3n (INDA), a trav\u00e9s de la Direcci\u00f3n de Desarrollo Social y la Direcci\u00f3n de Asistencia Social en los distintos comedores y merenderos municipales.<\/p>\n\n\n\n<p>Porcile explic\u00f3 que \u201cla comida se elabora y distribuye en los Centros de Barrio N\u00ba 1, 2 y 3, as\u00ed como en la localidad de San Gregorio de Polanco\u201d. Semanalmente \u00abrecorremos los servicios de comedores que se brindan de lunes a s\u00e1bados, en forma gratuita mediante la entrega de platos balanceados\u201d.<\/p>\n\n\n\n<p>Agreg\u00f3 que \u201cexcepcionalmente se autoriza que algunas familias puedan levantar las viandas pero se insiste en que concurran en forma presencial para acceder al mismo\u201d. Porcile confirm\u00f3 que la demanda se redujo tendiendo en cuenta que en otros puntos de la ciudad tambi\u00e9n existe el llamado \u201cplato caliente\u201d que es especial y espec\u00edfico para los meses de invierno, adem\u00e1s de contar con merenderos ubicados en espacios f\u00edsicos de la Intendencia y otros especiales en barrios puntales que atienden a ni\u00f1os de diferentes zonas y en donde el ejecutivo colabora con los productos\u201d.<\/p>\n\n\n\n<p>Adem\u00e1s, la asistencia alimentaria se extiende a las zonas rurales mediante un plan de contingencia con entrega de canastas mensuales.<\/p>\n\n\n\n\t\t<style type=\"text\/css\">\n\t\t\t#gallery-1 {\n\t\t\t\tmargin: auto;\n\t\t\t}\n\t\t\t#gallery-1 .gallery-item {\n\t\t\t\tfloat: left;\n\t\t\t\tmargin-top: 10px;\n\t\t\t\ttext-align: center;\n\t\t\t\twidth: 33%;\n\t\t\t}\n\t\t\t#gallery-1 img {\n\t\t\t\tborder: 2px solid #cfcfcf;\n\t\t\t}\n\t\t\t#gallery-1 .gallery-caption {\n\t\t\t\tmargin-left: 0;\n\t\t\t}\n\t\t\t\/* see gallery_shortcode() in wp-includes\/media.php *\/\n\t\t<\/style>\n\t\t<div id='gallery-1' class='gallery galleryid-16237 gallery-columns-3 gallery-size-full'><dl class='gallery-item'>\n\t\t\t<dt class='gallery-icon landscape'>\n\t\t\t\t<a href='https:\/\/tacuarembo.gub.uy\/?attachment_id=16238'><img loading=\"lazy\" decoding=\"async\" width=\"2048\" height=\"946\" src=\"https:\/\/tacuarembo.gub.uy\/wp-content\/uploads\/WhatsApp-Image-2022-09-20-at-13.54.51.jpeg\" class=\"attachment-full size-full\" alt=\"\" srcset=\"https:\/\/tacuarembo.gub.uy\/wp-content\/uploads\/WhatsApp-Image-2022-09-20-at-13.54.51.jpeg 2048w, https:\/\/tacuarembo.gub.uy\/wp-content\/uploads\/WhatsApp-Image-2022-09-20-at-13.54.51-768x355.jpeg 768w, https:\/\/tacuarembo.gub.uy\/wp-content\/uploads\/WhatsApp-Image-2022-09-20-at-13.54.51-1536x710.jpeg 1536w\" sizes=\"auto, (max-width: 2048px) 100vw, 2048px\" \/><\/a>\n\t\t\t<\/dt><\/dl><dl class='gallery-item'>\n\t\t\t<dt class='gallery-icon landscape'>\n\t\t\t\t<a href='https:\/\/tacuarembo.gub.uy\/?attachment_id=16239'><img loading=\"lazy\" decoding=\"async\" width=\"2048\" height=\"946\" src=\"https:\/\/tacuarembo.gub.uy\/wp-content\/uploads\/WhatsApp-Image-2022-09-20-at-13.54.503.jpeg\" class=\"attachment-full size-full\" alt=\"\" srcset=\"https:\/\/tacuarembo.gub.uy\/wp-content\/uploads\/WhatsApp-Image-2022-09-20-at-13.54.503.jpeg 2048w, https:\/\/tacuarembo.gub.uy\/wp-content\/uploads\/WhatsApp-Image-2022-09-20-at-13.54.503-768x355.jpeg 768w, https:\/\/tacuarembo.gub.uy\/wp-content\/uploads\/WhatsApp-Image-2022-09-20-at-13.54.503-1536x710.jpeg 1536w\" sizes=\"auto, (max-width: 2048px) 100vw, 2048px\" \/><\/a>\n\t\t\t<\/dt><\/dl><dl class='gallery-item'>\n\t\t\t<dt class='gallery-icon landscape'>\n\t\t\t\t<a href='https:\/\/tacuarembo.gub.uy\/?attachment_id=16240'><img loading=\"lazy\" decoding=\"async\" width=\"2048\" height=\"946\" src=\"https:\/\/tacuarembo.gub.uy\/wp-content\/uploads\/WhatsApp-Image-2022-09-20-at-13.54.502.jpeg\" class=\"attachment-full size-full\" alt=\"\" srcset=\"https:\/\/tacuarembo.gub.uy\/wp-content\/uploads\/WhatsApp-Image-2022-09-20-at-13.54.502.jpeg 2048w, https:\/\/tacuarembo.gub.uy\/wp-content\/uploads\/WhatsApp-Image-2022-09-20-at-13.54.502-768x355.jpeg 768w, https:\/\/tacuarembo.gub.uy\/wp-content\/uploads\/WhatsApp-Image-2022-09-20-at-13.54.502-1536x710.jpeg 1536w\" sizes=\"auto, (max-width: 2048px) 100vw, 2048px\" \/><\/a>\n\t\t\t<\/dt><\/dl><br style=\"clear: both\" \/><dl class='gallery-item'>\n\t\t\t<dt class='gallery-icon landscape'>\n\t\t\t\t<a href='https:\/\/tacuarembo.gub.uy\/?attachment_id=16241'><img loading=\"lazy\" decoding=\"async\" width=\"2048\" height=\"946\" src=\"https:\/\/tacuarembo.gub.uy\/wp-content\/uploads\/WhatsApp-Image-2022-09-20-at-13.54.501.jpeg\" class=\"attachment-full size-full\" alt=\"\" srcset=\"https:\/\/tacuarembo.gub.uy\/wp-content\/uploads\/WhatsApp-Image-2022-09-20-at-13.54.501.jpeg 2048w, https:\/\/tacuarembo.gub.uy\/wp-content\/uploads\/WhatsApp-Image-2022-09-20-at-13.54.501-768x355.jpeg 768w, https:\/\/tacuarembo.gub.uy\/wp-content\/uploads\/WhatsApp-Image-2022-09-20-at-13.54.501-1536x710.jpeg 1536w\" sizes=\"auto, (max-width: 2048px) 100vw, 2048px\" \/><\/a>\n\t\t\t<\/dt><\/dl><dl class='gallery-item'>\n\t\t\t<dt class='gallery-icon landscape'>\n\t\t\t\t<a href='https:\/\/tacuarembo.gub.uy\/?attachment_id=16242'><img loading=\"lazy\" decoding=\"async\" width=\"2048\" height=\"946\" src=\"https:\/\/tacuarembo.gub.uy\/wp-content\/uploads\/WhatsApp-Image-2022-09-20-at-13.54.50.jpeg\" class=\"attachment-full size-full\" alt=\"\" srcset=\"https:\/\/tacuarembo.gub.uy\/wp-content\/uploads\/WhatsApp-Image-2022-09-20-at-13.54.50.jpeg 2048w, https:\/\/tacuarembo.gub.uy\/wp-content\/uploads\/WhatsApp-Image-2022-09-20-at-13.54.50-768x355.jpeg 768w, https:\/\/tacuarembo.gub.uy\/wp-content\/uploads\/WhatsApp-Image-2022-09-20-at-13.54.50-1536x710.jpeg 1536w\" sizes=\"auto, (max-width: 2048px) 100vw, 2048px\" \/><\/a>\n\t\t\t<\/dt><\/dl><dl class='gallery-item'>\n\t\t\t<dt class='gallery-icon landscape'>\n\t\t\t\t<a href='https:\/\/tacuarembo.gub.uy\/?attachment_id=16243'><img loading=\"lazy\" decoding=\"async\" width=\"2048\" height=\"946\" src=\"https:\/\/tacuarembo.gub.uy\/wp-content\/uploads\/WhatsApp-Image-2022-09-20-at-13.54.49.jpeg\" class=\"attachment-full size-full\" alt=\"\" srcset=\"https:\/\/tacuarembo.gub.uy\/wp-content\/uploads\/WhatsApp-Image-2022-09-20-at-13.54.49.jpeg 2048w, https:\/\/tacuarembo.gub.uy\/wp-content\/uploads\/WhatsApp-Image-2022-09-20-at-13.54.49-768x355.jpeg 768w, https:\/\/tacuarembo.gub.uy\/wp-content\/uploads\/WhatsApp-Image-2022-09-20-at-13.54.49-1536x710.jpeg 1536w\" sizes=\"auto, (max-width: 2048px) 100vw, 2048px\" \/><\/a>\n\t\t\t<\/dt><\/dl><br style=\"clear: both\" \/>\n\t\t<\/div>\n","protected":false},"excerpt":{"rendered":"<p>El director de Desarrollo Social de la IDT, Sergio Porcile, realiz\u00f3 una recorrida con el objetivo de acompa\u00f1ar a los funcionarios municipales y a las personas que hacen uso del servicio. Sostuvo que durante su visita al Centro de Barrio N\u00ba 2 los usuarios se mostraron agradecidos por la atenci\u00f3n recibida y para nosotros es muy gratificante ver de primera mano c\u00f3mo se desarrolla y brinda esta ayuda que comprende a las familias m\u00e1s vulnerables\u201d, afirm\u00f3 el jerarca<\/p>\n","protected":false},"author":3,"featured_media":16239,"comment_status":"open","ping_status":"open","sticky":false,"template":"","format":"standard","meta":{"_eb_attr":"","footnotes":""},"categories":[19,16],"tags":[],"class_list":{"0":"post-16237","1":"post","2":"type-post","3":"status-publish","4":"format-standard","5":"has-post-thumbnail","7":"category-didesol","8":"category-noticias"},"_links":{"self":[{"href":"https:\/\/tacuarembo.gub.uy\/index.php?rest_route=\/wp\/v2\/posts\/16237","targetHints":{"allow":["GET"]}}],"collection":[{"href":"https:\/\/tacuarembo.gub.uy\/index.php?rest_route=\/wp\/v2\/posts"}],"about":[{"href":"https:\/\/tacuarembo.gub.uy\/index.php?rest_route=\/wp\/v2\/types\/post"}],"author":[{"embeddable":true,"href":"https:\/\/tacuarembo.gub.uy\/index.php?rest_route=\/wp\/v2\/users\/3"}],"replies":[{"embeddable":true,"href":"https:\/\/tacuarembo.gub.uy\/index.php?rest_route=%2Fwp%2Fv2%2Fcomments&post=16237"}],"version-history":[{"count":2,"href":"https:\/\/tacuarembo.gub.uy\/index.php?rest_route=\/wp\/v2\/posts\/16237\/revisions"}],"predecessor-version":[{"id":16245,"href":"https:\/\/tacuarembo.gub.uy\/index.php?rest_route=\/wp\/v2\/posts\/16237\/revisions\/16245"}],"wp:featuredmedia":[{"embeddable":true,"href":"https:\/\/tacuarembo.gub.uy\/index.php?rest_route=\/wp\/v2\/media\/16239"}],"wp:attachment":[{"href":"https:\/\/tacuarembo.gub.uy\/index.php?rest_route=%2Fwp%2Fv2%2Fmedia&parent=16237"}],"wp:term":[{"taxonomy":"category","embeddable":true,"href":"https:\/\/tacuarembo.gub.uy\/index.php?rest_route=%2Fwp%2Fv2%2Fcategories&post=16237"},{"taxonomy":"post_tag","embeddable":true,"href":"https:\/\/tacuarembo.gub.uy\/index.php?rest_route=%2Fwp%2Fv2%2Ftags&post=16237"}],"curies":[{"name":"wp","href":"https:\/\/api.w.org\/{rel}","templated":true}]}}