{"id":16091,"date":"2022-09-14T10:10:07","date_gmt":"2022-09-14T13:10:07","guid":{"rendered":"https:\/\/tacuarembo.gub.uy\/?p=16091"},"modified":"2022-09-15T09:20:59","modified_gmt":"2022-09-15T12:20:59","slug":"lacalle-pou-enaltecio-la-figura-de-ezquerra-y-su-espiritu-de-apoyo-constante","status":"publish","type":"post","link":"https:\/\/tacuarembo.gub.uy\/?p=16091","title":{"rendered":"Lacalle Pou enalteci\u00f3 la figura de Ezquerra y su esp\u00edritu de apoyo constante"},"content":{"rendered":"\n<p>El presidente de la Rep\u00fablica, Luis Lacalle Pou, particip\u00f3 de la inauguraci\u00f3n de la nueva terminal de \u00f3mnibus de Paso de los Toros en Tacuaremb\u00f3 donde destac\u00f3 al departamento en su conjunto y especialmente al intendente, Wilson Ezquerra. En ese sentido, sostuvo que \u201cha tenido un actitud de constante apoyo y generaci\u00f3n de ideas, adem\u00e1s de ser muy generoso, dando m\u00e1s de lo que se ped\u00eda y respaldando muchas veces cosas que no generaban tanta adhesi\u00f3n\u201d.<\/p>\n\n\n\n<p>Durante el martes 13 de setiembre el mandatario mantuvo una intensa agenda que abarc\u00f3 tres departamentos y culmin\u00f3 con la presentaci\u00f3n de esta importante obra. En su oratoria, se refiri\u00f3 al proceso de gobierno y resalt\u00f3 aspectos como la descentralizaci\u00f3n real que \u201cest\u00e1 acompa\u00f1ada de inversi\u00f3n, salud y educaci\u00f3n, sumado a las particularidades de cada pago y su gente\u201d.<\/p>\n\n\n\n<figure class=\"wp-block-image size-large\"><img loading=\"lazy\" decoding=\"async\" width=\"800\" height=\"420\" src=\"https:\/\/tacuarembo.gub.uy\/wp-content\/uploads\/WhatsApp-Image-2022-09-14-at-09.57.481-800x420.jpeg\" alt=\"\" class=\"wp-image-16078\"\/><\/figure>\n\n\n\n<p>Tambi\u00e9n valor\u00f3 la labor del alcalde de Paso de los Toros, Luis Irigoin, por saber interpretar el sentir popular, entender, valorar y ser justos ante las distintas necesidades\u201d. A\u00f1adi\u00f3 que \u201ces clave el Fondo de Desarrollo Interior (FDI) -que no es una idea de la coalici\u00f3n- pero hay que saber reconocer lo que est\u00e1 bien\u201d. Se trata de \u201cdinero del gobierno nacional que las intendencias y alcald\u00edas deciden c\u00f3mo y en qu\u00e9 gastar\u201d, afirm\u00f3.<\/p>\n\n\n\n<figure class=\"wp-block-embed is-provider-youtube wp-block-embed-youtube\"><div class=\"wp-block-embed__wrapper\">\n<iframe loading=\"lazy\" title=\"Inauguraci\u00f3n Terminal Paso de los Toros\" width=\"1080\" height=\"608\" src=\"https:\/\/www.youtube.com\/embed\/BQPaDZG_Wrw?feature=oembed\" frameborder=\"0\" allow=\"accelerometer; autoplay; clipboard-write; encrypted-media; gyroscope; picture-in-picture; web-share\" referrerpolicy=\"strict-origin-when-cross-origin\" allowfullscreen><\/iframe>\n<\/div><\/figure>\n","protected":false},"excerpt":{"rendered":"<p>El presidente de la Rep\u00fablica, Luis Lacalle Pou, particip\u00f3 de la inauguraci\u00f3n de la nueva terminal de \u00f3mnibus de Paso de los Toros en Tacuaremb\u00f3 donde destac\u00f3 al departamento en su conjunto y especialmente al intendente, Wilson Ezquerra. En ese sentido, sostuvo que \u201cha tenido un actitud de constante apoyo y generaci\u00f3n de ideas, adem\u00e1s de ser muy generoso, dando m\u00e1s de lo que se ped\u00eda y respaldando muchas veces cosas que no generaban tanta adhesi\u00f3n\u201d<\/p>\n","protected":false},"author":3,"featured_media":16078,"comment_status":"open","ping_status":"open","sticky":false,"template":"","format":"standard","meta":{"_eb_attr":"","footnotes":""},"categories":[16],"tags":[],"class_list":{"0":"post-16091","1":"post","2":"type-post","3":"status-publish","4":"format-standard","5":"has-post-thumbnail","7":"category-noticias"},"_links":{"self":[{"href":"https:\/\/tacuarembo.gub.uy\/index.php?rest_route=\/wp\/v2\/posts\/16091","targetHints":{"allow":["GET"]}}],"collection":[{"href":"https:\/\/tacuarembo.gub.uy\/index.php?rest_route=\/wp\/v2\/posts"}],"about":[{"href":"https:\/\/tacuarembo.gub.uy\/index.php?rest_route=\/wp\/v2\/types\/post"}],"author":[{"embeddable":true,"href":"https:\/\/tacuarembo.gub.uy\/index.php?rest_route=\/wp\/v2\/users\/3"}],"replies":[{"embeddable":true,"href":"https:\/\/tacuarembo.gub.uy\/index.php?rest_route=%2Fwp%2Fv2%2Fcomments&post=16091"}],"version-history":[{"count":3,"href":"https:\/\/tacuarembo.gub.uy\/index.php?rest_route=\/wp\/v2\/posts\/16091\/revisions"}],"predecessor-version":[{"id":16095,"href":"https:\/\/tacuarembo.gub.uy\/index.php?rest_route=\/wp\/v2\/posts\/16091\/revisions\/16095"}],"wp:featuredmedia":[{"embeddable":true,"href":"https:\/\/tacuarembo.gub.uy\/index.php?rest_route=\/wp\/v2\/media\/16078"}],"wp:attachment":[{"href":"https:\/\/tacuarembo.gub.uy\/index.php?rest_route=%2Fwp%2Fv2%2Fmedia&parent=16091"}],"wp:term":[{"taxonomy":"category","embeddable":true,"href":"https:\/\/tacuarembo.gub.uy\/index.php?rest_route=%2Fwp%2Fv2%2Fcategories&post=16091"},{"taxonomy":"post_tag","embeddable":true,"href":"https:\/\/tacuarembo.gub.uy\/index.php?rest_route=%2Fwp%2Fv2%2Ftags&post=16091"}],"curies":[{"name":"wp","href":"https:\/\/api.w.org\/{rel}","templated":true}]}}