{"id":16070,"date":"2022-09-14T10:02:38","date_gmt":"2022-09-14T13:02:38","guid":{"rendered":"https:\/\/tacuarembo.gub.uy\/?p=16070"},"modified":"2022-09-15T09:21:10","modified_gmt":"2022-09-15T12:21:10","slug":"terminal-de-paso-de-los-toros-ezquerra-aseguro-que-es-un-logro-de-todos","status":"publish","type":"post","link":"https:\/\/tacuarembo.gub.uy\/?p=16070","title":{"rendered":"Terminal de Paso de los Toros: Ezquerra asegur\u00f3 que \u201ces un logro de todos\u201d"},"content":{"rendered":"\n<p>El acto de inauguraci\u00f3n se llev\u00f3 a cabo ante una multitud que celebr\u00f3 y aplaudi\u00f3 la concreci\u00f3n de esta obra \u201cnecesaria y anhelada por toda la poblaci\u00f3n\u201d, indic\u00f3 el intendente de Tacuaremb\u00f3, Wilson Ezquerra. Adem\u00e1s, agradeci\u00f3 personalmente la presencia del presidente de la Rep\u00fablica, Luis Lacalle Pou, y el secretario de Presidencia, \u00c1lvaro Delgado, as\u00ed como a todas las autoridades presentes.<\/p>\n\n\n\n<figure class=\"wp-block-embed is-provider-youtube wp-block-embed-youtube\"><div class=\"wp-block-embed__wrapper\">\n<iframe loading=\"lazy\" title=\"Inauguraci\u00f3n Terminal Paso de los Toros\" width=\"1080\" height=\"608\" src=\"https:\/\/www.youtube.com\/embed\/BQPaDZG_Wrw?feature=oembed\" frameborder=\"0\" allow=\"accelerometer; autoplay; clipboard-write; encrypted-media; gyroscope; picture-in-picture; web-share\" referrerpolicy=\"strict-origin-when-cross-origin\" allowfullscreen><\/iframe>\n<\/div><\/figure>\n\n\n\n<p>Fue este martes 13 de setiembre cuando se realiz\u00f3 el corte oficial de cinta de la nueva terminal de \u00f3mnibus de Paso de los Toros en Tacuaremb\u00f3 que fue ejecutada por la IDT y cofinanciada por el Fondo de Desarrollo del Interior (FDI), expres\u00f3 el director de Obras de la Intendencia, Enzo Vallejos.<\/p>\n\n\n\n<p>Ubicada en la intersecci\u00f3n de las calles R\u00f3mulo Magnini y Baltasar Brum de la ciudad de Paso de los Toros, la construcci\u00f3n edilicia representa \u201cun logro de todos\u201d, afirm\u00f3 Ezquerra que fue aplaudido por todos los vecinos presentes. Tambi\u00e9n sostuvo que \u201ces un momento de esos lindos que tenemos los gobernantes al cumplir los sue\u00f1os de los ciudadanos y donde el aporte del gobierno nacional y departamental fue fundamental\u201d.<\/p>\n\n\n\n<p>Vallejos, destac\u00f3 que \u201ces el resultado del trabajo de un gran equipo y la necesidad de todo un territorio, forma parte de un proceso edilicio en un punto estrat\u00e9gico y c\u00e9ntrico, con f\u00e1cil acceso y egreso desde la Ruta 5, en padrones del municipio y con una superficie total de 10 mil metros cuadrados\u201d.<\/p>\n\n\n\n<p>Adem\u00e1s, resalt\u00f3 el aporte de todos los que participaron en este proyecto que fue financiado con los fondos administrados por la Oficina de Planeamiento y Presupuesto (OPP). La Terminal cuenta con lugar para siete agencias de viaje; cinco andenes techados; rampas accesibles; kiosco; \u00e1rea de administraci\u00f3n y cafeter\u00eda; cajeros autom\u00e1ticos; espacio para un Centro de Informaci\u00f3n Tur\u00edstica, estacionamientos, \u00e1reas verdes; y servicios higi\u00e9nicos.<\/p>\n\n\n\n<p>Por su parte, el alcalde de Paso de los Toros, Luis Irigoin, expres\u00f3 en su discurso que \u201cesta obra le pertenece al pueblo y tengo claro que ha sido un sue\u00f1o de todos los isabelinos, han pasado muchos a\u00f1os y gestiones, tuvimos una pandemia de por medio pero nos unimos para sacar adelante el pa\u00eds y hoy tenemos esta terminal que es la ansiedad de mucha gente y un ejemplo de trabajo, sacrificio y voluntad\u201d.<\/p>\n\n\n\n<p>Ezquerra tambi\u00e9n asegur\u00f3 que la obra \u201cjerarquiza a Paso de los Toros\u201d y record\u00f3 al ex intendente de Tacuaremb\u00f3, Eber Da Rosa que fue quien la inici\u00f3, as\u00ed como a Jos\u00e9 Omar Men\u00e9ndez que prosigui\u00f3 con este sue\u00f1o que parec\u00eda imposible pero que hoy estamos concretando\u201d.<\/p>\n\n\n\n<p>La inauguraci\u00f3n cont\u00f3 con la actuaci\u00f3n de la Banda de m\u00fasicos del Batall\u00f3n de Ingenieros N\u00b03 y la cantante Miriam Britos, adem\u00e1s de la participaci\u00f3n, centros educativos de la ciudad con sus abanderados y escoltas, escolares y liceales, representantes de la OPP, autoridades militares y policiales, as\u00ed como nacionales y departamentales en todos sus grados y calidades.<\/p>\n\n\n\n\t\t<style type=\"text\/css\">\n\t\t\t#gallery-1 {\n\t\t\t\tmargin: auto;\n\t\t\t}\n\t\t\t#gallery-1 .gallery-item {\n\t\t\t\tfloat: left;\n\t\t\t\tmargin-top: 10px;\n\t\t\t\ttext-align: center;\n\t\t\t\twidth: 33%;\n\t\t\t}\n\t\t\t#gallery-1 img {\n\t\t\t\tborder: 2px solid #cfcfcf;\n\t\t\t}\n\t\t\t#gallery-1 .gallery-caption {\n\t\t\t\tmargin-left: 0;\n\t\t\t}\n\t\t\t\/* see gallery_shortcode() in wp-includes\/media.php *\/\n\t\t<\/style>\n\t\t<div id='gallery-1' class='gallery galleryid-16070 gallery-columns-3 gallery-size-full'><dl class='gallery-item'>\n\t\t\t<dt class='gallery-icon landscape'>\n\t\t\t\t<a href='https:\/\/tacuarembo.gub.uy\/?attachment_id=16071'><img loading=\"lazy\" decoding=\"async\" width=\"1600\" height=\"1067\" src=\"https:\/\/tacuarembo.gub.uy\/wp-content\/uploads\/WhatsApp-Image-2022-09-14-at-09.57.543.jpeg\" class=\"attachment-full size-full\" alt=\"\" srcset=\"https:\/\/tacuarembo.gub.uy\/wp-content\/uploads\/WhatsApp-Image-2022-09-14-at-09.57.543.jpeg 1600w, https:\/\/tacuarembo.gub.uy\/wp-content\/uploads\/WhatsApp-Image-2022-09-14-at-09.57.543-768x512.jpeg 768w, https:\/\/tacuarembo.gub.uy\/wp-content\/uploads\/WhatsApp-Image-2022-09-14-at-09.57.543-1536x1024.jpeg 1536w\" sizes=\"auto, (max-width: 1600px) 100vw, 1600px\" \/><\/a>\n\t\t\t<\/dt><\/dl><dl class='gallery-item'>\n\t\t\t<dt class='gallery-icon landscape'>\n\t\t\t\t<a href='https:\/\/tacuarembo.gub.uy\/?attachment_id=16072'><img loading=\"lazy\" decoding=\"async\" width=\"1600\" height=\"1067\" src=\"https:\/\/tacuarembo.gub.uy\/wp-content\/uploads\/WhatsApp-Image-2022-09-14-at-09.57.542.jpeg\" class=\"attachment-full size-full\" alt=\"\" srcset=\"https:\/\/tacuarembo.gub.uy\/wp-content\/uploads\/WhatsApp-Image-2022-09-14-at-09.57.542.jpeg 1600w, https:\/\/tacuarembo.gub.uy\/wp-content\/uploads\/WhatsApp-Image-2022-09-14-at-09.57.542-768x512.jpeg 768w, https:\/\/tacuarembo.gub.uy\/wp-content\/uploads\/WhatsApp-Image-2022-09-14-at-09.57.542-1536x1024.jpeg 1536w\" sizes=\"auto, (max-width: 1600px) 100vw, 1600px\" \/><\/a>\n\t\t\t<\/dt><\/dl><dl class='gallery-item'>\n\t\t\t<dt class='gallery-icon landscape'>\n\t\t\t\t<a href='https:\/\/tacuarembo.gub.uy\/?attachment_id=16073'><img loading=\"lazy\" decoding=\"async\" width=\"1600\" height=\"1067\" src=\"https:\/\/tacuarembo.gub.uy\/wp-content\/uploads\/WhatsApp-Image-2022-09-14-at-09.57.541.jpeg\" class=\"attachment-full size-full\" alt=\"\" srcset=\"https:\/\/tacuarembo.gub.uy\/wp-content\/uploads\/WhatsApp-Image-2022-09-14-at-09.57.541.jpeg 1600w, https:\/\/tacuarembo.gub.uy\/wp-content\/uploads\/WhatsApp-Image-2022-09-14-at-09.57.541-768x512.jpeg 768w, https:\/\/tacuarembo.gub.uy\/wp-content\/uploads\/WhatsApp-Image-2022-09-14-at-09.57.541-1536x1024.jpeg 1536w\" sizes=\"auto, (max-width: 1600px) 100vw, 1600px\" \/><\/a>\n\t\t\t<\/dt><\/dl><br style=\"clear: both\" \/><dl class='gallery-item'>\n\t\t\t<dt class='gallery-icon landscape'>\n\t\t\t\t<a href='https:\/\/tacuarembo.gub.uy\/?attachment_id=16074'><img loading=\"lazy\" decoding=\"async\" width=\"1600\" height=\"1067\" src=\"https:\/\/tacuarembo.gub.uy\/wp-content\/uploads\/WhatsApp-Image-2022-09-14-at-09.57.54.jpeg\" class=\"attachment-full size-full\" alt=\"\" srcset=\"https:\/\/tacuarembo.gub.uy\/wp-content\/uploads\/WhatsApp-Image-2022-09-14-at-09.57.54.jpeg 1600w, https:\/\/tacuarembo.gub.uy\/wp-content\/uploads\/WhatsApp-Image-2022-09-14-at-09.57.54-768x512.jpeg 768w, https:\/\/tacuarembo.gub.uy\/wp-content\/uploads\/WhatsApp-Image-2022-09-14-at-09.57.54-1536x1024.jpeg 1536w\" sizes=\"auto, (max-width: 1600px) 100vw, 1600px\" \/><\/a>\n\t\t\t<\/dt><\/dl><dl class='gallery-item'>\n\t\t\t<dt class='gallery-icon landscape'>\n\t\t\t\t<a href='https:\/\/tacuarembo.gub.uy\/?attachment_id=16075'><img loading=\"lazy\" decoding=\"async\" width=\"1600\" height=\"1067\" src=\"https:\/\/tacuarembo.gub.uy\/wp-content\/uploads\/WhatsApp-Image-2022-09-14-at-09.57.531.jpeg\" class=\"attachment-full size-full\" alt=\"\" srcset=\"https:\/\/tacuarembo.gub.uy\/wp-content\/uploads\/WhatsApp-Image-2022-09-14-at-09.57.531.jpeg 1600w, https:\/\/tacuarembo.gub.uy\/wp-content\/uploads\/WhatsApp-Image-2022-09-14-at-09.57.531-768x512.jpeg 768w, https:\/\/tacuarembo.gub.uy\/wp-content\/uploads\/WhatsApp-Image-2022-09-14-at-09.57.531-1536x1024.jpeg 1536w\" sizes=\"auto, (max-width: 1600px) 100vw, 1600px\" \/><\/a>\n\t\t\t<\/dt><\/dl><dl class='gallery-item'>\n\t\t\t<dt class='gallery-icon landscape'>\n\t\t\t\t<a href='https:\/\/tacuarembo.gub.uy\/?attachment_id=16076'><img loading=\"lazy\" decoding=\"async\" width=\"1600\" height=\"1067\" src=\"https:\/\/tacuarembo.gub.uy\/wp-content\/uploads\/WhatsApp-Image-2022-09-14-at-09.57.53.jpeg\" class=\"attachment-full size-full\" alt=\"\" srcset=\"https:\/\/tacuarembo.gub.uy\/wp-content\/uploads\/WhatsApp-Image-2022-09-14-at-09.57.53.jpeg 1600w, https:\/\/tacuarembo.gub.uy\/wp-content\/uploads\/WhatsApp-Image-2022-09-14-at-09.57.53-768x512.jpeg 768w, https:\/\/tacuarembo.gub.uy\/wp-content\/uploads\/WhatsApp-Image-2022-09-14-at-09.57.53-1536x1024.jpeg 1536w\" sizes=\"auto, (max-width: 1600px) 100vw, 1600px\" \/><\/a>\n\t\t\t<\/dt><\/dl><br style=\"clear: both\" \/><dl class='gallery-item'>\n\t\t\t<dt class='gallery-icon landscape'>\n\t\t\t\t<a href='https:\/\/tacuarembo.gub.uy\/?attachment_id=16077'><img loading=\"lazy\" decoding=\"async\" width=\"1600\" height=\"1067\" src=\"https:\/\/tacuarembo.gub.uy\/wp-content\/uploads\/WhatsApp-Image-2022-09-14-at-09.57.49.jpeg\" class=\"attachment-full size-full\" alt=\"\" srcset=\"https:\/\/tacuarembo.gub.uy\/wp-content\/uploads\/WhatsApp-Image-2022-09-14-at-09.57.49.jpeg 1600w, https:\/\/tacuarembo.gub.uy\/wp-content\/uploads\/WhatsApp-Image-2022-09-14-at-09.57.49-768x512.jpeg 768w, https:\/\/tacuarembo.gub.uy\/wp-content\/uploads\/WhatsApp-Image-2022-09-14-at-09.57.49-1536x1024.jpeg 1536w\" sizes=\"auto, (max-width: 1600px) 100vw, 1600px\" \/><\/a>\n\t\t\t<\/dt><\/dl><dl class='gallery-item'>\n\t\t\t<dt class='gallery-icon landscape'>\n\t\t\t\t<a href='https:\/\/tacuarembo.gub.uy\/?attachment_id=16078'><img loading=\"lazy\" decoding=\"async\" width=\"1600\" height=\"1067\" src=\"https:\/\/tacuarembo.gub.uy\/wp-content\/uploads\/WhatsApp-Image-2022-09-14-at-09.57.481.jpeg\" class=\"attachment-full size-full\" alt=\"\" srcset=\"https:\/\/tacuarembo.gub.uy\/wp-content\/uploads\/WhatsApp-Image-2022-09-14-at-09.57.481.jpeg 1600w, https:\/\/tacuarembo.gub.uy\/wp-content\/uploads\/WhatsApp-Image-2022-09-14-at-09.57.481-768x512.jpeg 768w, https:\/\/tacuarembo.gub.uy\/wp-content\/uploads\/WhatsApp-Image-2022-09-14-at-09.57.481-1536x1024.jpeg 1536w\" sizes=\"auto, (max-width: 1600px) 100vw, 1600px\" \/><\/a>\n\t\t\t<\/dt><\/dl><dl class='gallery-item'>\n\t\t\t<dt class='gallery-icon landscape'>\n\t\t\t\t<a href='https:\/\/tacuarembo.gub.uy\/?attachment_id=16079'><img loading=\"lazy\" decoding=\"async\" width=\"1600\" height=\"1067\" src=\"https:\/\/tacuarembo.gub.uy\/wp-content\/uploads\/WhatsApp-Image-2022-09-14-at-09.57.48.jpeg\" class=\"attachment-full size-full\" alt=\"\" srcset=\"https:\/\/tacuarembo.gub.uy\/wp-content\/uploads\/WhatsApp-Image-2022-09-14-at-09.57.48.jpeg 1600w, https:\/\/tacuarembo.gub.uy\/wp-content\/uploads\/WhatsApp-Image-2022-09-14-at-09.57.48-768x512.jpeg 768w, https:\/\/tacuarembo.gub.uy\/wp-content\/uploads\/WhatsApp-Image-2022-09-14-at-09.57.48-1536x1024.jpeg 1536w\" sizes=\"auto, (max-width: 1600px) 100vw, 1600px\" \/><\/a>\n\t\t\t<\/dt><\/dl><br style=\"clear: both\" \/><dl class='gallery-item'>\n\t\t\t<dt class='gallery-icon landscape'>\n\t\t\t\t<a href='https:\/\/tacuarembo.gub.uy\/?attachment_id=16080'><img loading=\"lazy\" decoding=\"async\" width=\"1600\" height=\"1067\" src=\"https:\/\/tacuarembo.gub.uy\/wp-content\/uploads\/WhatsApp-Image-2022-09-14-at-09.57.43.jpeg\" class=\"attachment-full size-full\" alt=\"\" srcset=\"https:\/\/tacuarembo.gub.uy\/wp-content\/uploads\/WhatsApp-Image-2022-09-14-at-09.57.43.jpeg 1600w, https:\/\/tacuarembo.gub.uy\/wp-content\/uploads\/WhatsApp-Image-2022-09-14-at-09.57.43-768x512.jpeg 768w, https:\/\/tacuarembo.gub.uy\/wp-content\/uploads\/WhatsApp-Image-2022-09-14-at-09.57.43-1536x1024.jpeg 1536w\" sizes=\"auto, (max-width: 1600px) 100vw, 1600px\" \/><\/a>\n\t\t\t<\/dt><\/dl><dl class='gallery-item'>\n\t\t\t<dt class='gallery-icon landscape'>\n\t\t\t\t<a href='https:\/\/tacuarembo.gub.uy\/?attachment_id=16081'><img loading=\"lazy\" decoding=\"async\" width=\"1600\" height=\"1067\" src=\"https:\/\/tacuarembo.gub.uy\/wp-content\/uploads\/WhatsApp-Image-2022-09-14-at-09.57.39.jpeg\" class=\"attachment-full size-full\" alt=\"\" srcset=\"https:\/\/tacuarembo.gub.uy\/wp-content\/uploads\/WhatsApp-Image-2022-09-14-at-09.57.39.jpeg 1600w, https:\/\/tacuarembo.gub.uy\/wp-content\/uploads\/WhatsApp-Image-2022-09-14-at-09.57.39-768x512.jpeg 768w, https:\/\/tacuarembo.gub.uy\/wp-content\/uploads\/WhatsApp-Image-2022-09-14-at-09.57.39-1536x1024.jpeg 1536w\" sizes=\"auto, (max-width: 1600px) 100vw, 1600px\" \/><\/a>\n\t\t\t<\/dt><\/dl><dl class='gallery-item'>\n\t\t\t<dt class='gallery-icon landscape'>\n\t\t\t\t<a href='https:\/\/tacuarembo.gub.uy\/?attachment_id=16082'><img loading=\"lazy\" decoding=\"async\" width=\"1600\" height=\"1067\" src=\"https:\/\/tacuarembo.gub.uy\/wp-content\/uploads\/WhatsApp-Image-2022-09-14-at-09.57.305.jpeg\" class=\"attachment-full size-full\" alt=\"\" srcset=\"https:\/\/tacuarembo.gub.uy\/wp-content\/uploads\/WhatsApp-Image-2022-09-14-at-09.57.305.jpeg 1600w, https:\/\/tacuarembo.gub.uy\/wp-content\/uploads\/WhatsApp-Image-2022-09-14-at-09.57.305-768x512.jpeg 768w, https:\/\/tacuarembo.gub.uy\/wp-content\/uploads\/WhatsApp-Image-2022-09-14-at-09.57.305-1536x1024.jpeg 1536w\" sizes=\"auto, (max-width: 1600px) 100vw, 1600px\" \/><\/a>\n\t\t\t<\/dt><\/dl><br style=\"clear: both\" \/><dl class='gallery-item'>\n\t\t\t<dt class='gallery-icon landscape'>\n\t\t\t\t<a href='https:\/\/tacuarembo.gub.uy\/?attachment_id=16083'><img loading=\"lazy\" decoding=\"async\" width=\"1600\" height=\"1067\" src=\"https:\/\/tacuarembo.gub.uy\/wp-content\/uploads\/WhatsApp-Image-2022-09-14-at-09.57.304.jpeg\" class=\"attachment-full size-full\" alt=\"\" srcset=\"https:\/\/tacuarembo.gub.uy\/wp-content\/uploads\/WhatsApp-Image-2022-09-14-at-09.57.304.jpeg 1600w, https:\/\/tacuarembo.gub.uy\/wp-content\/uploads\/WhatsApp-Image-2022-09-14-at-09.57.304-768x512.jpeg 768w, https:\/\/tacuarembo.gub.uy\/wp-content\/uploads\/WhatsApp-Image-2022-09-14-at-09.57.304-1536x1024.jpeg 1536w\" sizes=\"auto, (max-width: 1600px) 100vw, 1600px\" \/><\/a>\n\t\t\t<\/dt><\/dl><dl class='gallery-item'>\n\t\t\t<dt class='gallery-icon landscape'>\n\t\t\t\t<a href='https:\/\/tacuarembo.gub.uy\/?attachment_id=16084'><img loading=\"lazy\" decoding=\"async\" width=\"1600\" height=\"1067\" src=\"https:\/\/tacuarembo.gub.uy\/wp-content\/uploads\/WhatsApp-Image-2022-09-14-at-09.57.303.jpeg\" class=\"attachment-full size-full\" alt=\"\" srcset=\"https:\/\/tacuarembo.gub.uy\/wp-content\/uploads\/WhatsApp-Image-2022-09-14-at-09.57.303.jpeg 1600w, https:\/\/tacuarembo.gub.uy\/wp-content\/uploads\/WhatsApp-Image-2022-09-14-at-09.57.303-768x512.jpeg 768w, https:\/\/tacuarembo.gub.uy\/wp-content\/uploads\/WhatsApp-Image-2022-09-14-at-09.57.303-1536x1024.jpeg 1536w\" sizes=\"auto, (max-width: 1600px) 100vw, 1600px\" \/><\/a>\n\t\t\t<\/dt><\/dl><dl class='gallery-item'>\n\t\t\t<dt class='gallery-icon landscape'>\n\t\t\t\t<a href='https:\/\/tacuarembo.gub.uy\/?attachment_id=16085'><img loading=\"lazy\" decoding=\"async\" width=\"1600\" height=\"1017\" src=\"https:\/\/tacuarembo.gub.uy\/wp-content\/uploads\/WhatsApp-Image-2022-09-14-at-09.57.302.jpeg\" class=\"attachment-full size-full\" alt=\"\" srcset=\"https:\/\/tacuarembo.gub.uy\/wp-content\/uploads\/WhatsApp-Image-2022-09-14-at-09.57.302.jpeg 1600w, https:\/\/tacuarembo.gub.uy\/wp-content\/uploads\/WhatsApp-Image-2022-09-14-at-09.57.302-768x488.jpeg 768w, https:\/\/tacuarembo.gub.uy\/wp-content\/uploads\/WhatsApp-Image-2022-09-14-at-09.57.302-1536x976.jpeg 1536w\" sizes=\"auto, (max-width: 1600px) 100vw, 1600px\" \/><\/a>\n\t\t\t<\/dt><\/dl><br style=\"clear: both\" \/><dl class='gallery-item'>\n\t\t\t<dt class='gallery-icon landscape'>\n\t\t\t\t<a href='https:\/\/tacuarembo.gub.uy\/?attachment_id=16086'><img loading=\"lazy\" decoding=\"async\" width=\"1600\" height=\"1067\" src=\"https:\/\/tacuarembo.gub.uy\/wp-content\/uploads\/WhatsApp-Image-2022-09-14-at-09.57.301.jpeg\" class=\"attachment-full size-full\" alt=\"\" srcset=\"https:\/\/tacuarembo.gub.uy\/wp-content\/uploads\/WhatsApp-Image-2022-09-14-at-09.57.301.jpeg 1600w, https:\/\/tacuarembo.gub.uy\/wp-content\/uploads\/WhatsApp-Image-2022-09-14-at-09.57.301-768x512.jpeg 768w, https:\/\/tacuarembo.gub.uy\/wp-content\/uploads\/WhatsApp-Image-2022-09-14-at-09.57.301-1536x1024.jpeg 1536w\" sizes=\"auto, (max-width: 1600px) 100vw, 1600px\" \/><\/a>\n\t\t\t<\/dt><\/dl><dl class='gallery-item'>\n\t\t\t<dt class='gallery-icon landscape'>\n\t\t\t\t<a href='https:\/\/tacuarembo.gub.uy\/?attachment_id=16087'><img loading=\"lazy\" decoding=\"async\" width=\"1600\" height=\"1067\" src=\"https:\/\/tacuarembo.gub.uy\/wp-content\/uploads\/WhatsApp-Image-2022-09-14-at-09.57.30.jpeg\" class=\"attachment-full size-full\" alt=\"\" srcset=\"https:\/\/tacuarembo.gub.uy\/wp-content\/uploads\/WhatsApp-Image-2022-09-14-at-09.57.30.jpeg 1600w, https:\/\/tacuarembo.gub.uy\/wp-content\/uploads\/WhatsApp-Image-2022-09-14-at-09.57.30-768x512.jpeg 768w, https:\/\/tacuarembo.gub.uy\/wp-content\/uploads\/WhatsApp-Image-2022-09-14-at-09.57.30-1536x1024.jpeg 1536w\" sizes=\"auto, (max-width: 1600px) 100vw, 1600px\" \/><\/a>\n\t\t\t<\/dt><\/dl><dl class='gallery-item'>\n\t\t\t<dt class='gallery-icon landscape'>\n\t\t\t\t<a href='https:\/\/tacuarembo.gub.uy\/?attachment_id=16088'><img loading=\"lazy\" decoding=\"async\" width=\"1600\" height=\"1067\" src=\"https:\/\/tacuarembo.gub.uy\/wp-content\/uploads\/WhatsApp-Image-2022-09-14-at-09.57.28.jpeg\" class=\"attachment-full size-full\" alt=\"\" srcset=\"https:\/\/tacuarembo.gub.uy\/wp-content\/uploads\/WhatsApp-Image-2022-09-14-at-09.57.28.jpeg 1600w, https:\/\/tacuarembo.gub.uy\/wp-content\/uploads\/WhatsApp-Image-2022-09-14-at-09.57.28-768x512.jpeg 768w, https:\/\/tacuarembo.gub.uy\/wp-content\/uploads\/WhatsApp-Image-2022-09-14-at-09.57.28-1536x1024.jpeg 1536w\" sizes=\"auto, (max-width: 1600px) 100vw, 1600px\" \/><\/a>\n\t\t\t<\/dt><\/dl><br style=\"clear: both\" \/><dl class='gallery-item'>\n\t\t\t<dt class='gallery-icon landscape'>\n\t\t\t\t<a href='https:\/\/tacuarembo.gub.uy\/?attachment_id=16089'><img loading=\"lazy\" decoding=\"async\" width=\"1600\" height=\"1067\" src=\"https:\/\/tacuarembo.gub.uy\/wp-content\/uploads\/WhatsApp-Image-2022-09-14-at-09.55.10.jpeg\" class=\"attachment-full size-full\" alt=\"\" srcset=\"https:\/\/tacuarembo.gub.uy\/wp-content\/uploads\/WhatsApp-Image-2022-09-14-at-09.55.10.jpeg 1600w, https:\/\/tacuarembo.gub.uy\/wp-content\/uploads\/WhatsApp-Image-2022-09-14-at-09.55.10-768x512.jpeg 768w, https:\/\/tacuarembo.gub.uy\/wp-content\/uploads\/WhatsApp-Image-2022-09-14-at-09.55.10-1536x1024.jpeg 1536w\" sizes=\"auto, (max-width: 1600px) 100vw, 1600px\" \/><\/a>\n\t\t\t<\/dt><\/dl>\n\t\t\t<br style='clear: both' \/>\n\t\t<\/div>\n","protected":false},"excerpt":{"rendered":"<p>El acto de inauguraci\u00f3n se llev\u00f3 a cabo ante una multitud que celebr\u00f3 y aplaudi\u00f3 la concreci\u00f3n de esta obra \u201cnecesaria y anhelada por toda la poblaci\u00f3n\u201d, indic\u00f3 el intendente de Tacuaremb\u00f3, Wilson Ezquerra. Adem\u00e1s, agradeci\u00f3 personalmente la presencia del presidente de la Rep\u00fablica, Luis Lacalle Pou, y el secretario de Presidencia, \u00c1lvaro Delgado, as\u00ed como a todas las autoridades presentes<\/p>\n","protected":false},"author":3,"featured_media":16089,"comment_status":"open","ping_status":"open","sticky":false,"template":"","format":"standard","meta":{"_eb_attr":"","footnotes":""},"categories":[16],"tags":[],"class_list":{"0":"post-16070","1":"post","2":"type-post","3":"status-publish","4":"format-standard","5":"has-post-thumbnail","7":"category-noticias"},"_links":{"self":[{"href":"https:\/\/tacuarembo.gub.uy\/index.php?rest_route=\/wp\/v2\/posts\/16070","targetHints":{"allow":["GET"]}}],"collection":[{"href":"https:\/\/tacuarembo.gub.uy\/index.php?rest_route=\/wp\/v2\/posts"}],"about":[{"href":"https:\/\/tacuarembo.gub.uy\/index.php?rest_route=\/wp\/v2\/types\/post"}],"author":[{"embeddable":true,"href":"https:\/\/tacuarembo.gub.uy\/index.php?rest_route=\/wp\/v2\/users\/3"}],"replies":[{"embeddable":true,"href":"https:\/\/tacuarembo.gub.uy\/index.php?rest_route=%2Fwp%2Fv2%2Fcomments&post=16070"}],"version-history":[{"count":2,"href":"https:\/\/tacuarembo.gub.uy\/index.php?rest_route=\/wp\/v2\/posts\/16070\/revisions"}],"predecessor-version":[{"id":16094,"href":"https:\/\/tacuarembo.gub.uy\/index.php?rest_route=\/wp\/v2\/posts\/16070\/revisions\/16094"}],"wp:featuredmedia":[{"embeddable":true,"href":"https:\/\/tacuarembo.gub.uy\/index.php?rest_route=\/wp\/v2\/media\/16089"}],"wp:attachment":[{"href":"https:\/\/tacuarembo.gub.uy\/index.php?rest_route=%2Fwp%2Fv2%2Fmedia&parent=16070"}],"wp:term":[{"taxonomy":"category","embeddable":true,"href":"https:\/\/tacuarembo.gub.uy\/index.php?rest_route=%2Fwp%2Fv2%2Fcategories&post=16070"},{"taxonomy":"post_tag","embeddable":true,"href":"https:\/\/tacuarembo.gub.uy\/index.php?rest_route=%2Fwp%2Fv2%2Ftags&post=16070"}],"curies":[{"name":"wp","href":"https:\/\/api.w.org\/{rel}","templated":true}]}}