{"id":15713,"date":"2022-08-29T15:39:40","date_gmt":"2022-08-29T18:39:40","guid":{"rendered":"https:\/\/tacuarembo.gub.uy\/?p=15713"},"modified":"2022-08-30T12:35:02","modified_gmt":"2022-08-30T15:35:02","slug":"tacuarembo-recibe-ciclo-de-dialogos-departamentales-para-el-desarrollo-sostenible","status":"publish","type":"post","link":"https:\/\/tacuarembo.gub.uy\/?p=15713","title":{"rendered":"Tacuaremb\u00f3 recibe Ciclo de di\u00e1logos departamentales para el Desarrollo Sostenible"},"content":{"rendered":"\n<p>La actividad, que tendr\u00e1 lugar el 1\u00ba y 2 de setiembre, se centrar\u00e1 en las herramientas para el desarrollo de los planes departamentales y el impulso a emprendimientos de la econom\u00eda circular, con foco en la gesti\u00f3n integral de residuos. Ser\u00e1 en el Complejo socio cultural Javier Barrios Amor\u00edn y la apertura contar\u00e1 con la presencia del intendente de Tacuaremb\u00f3, Wilson Ezquerra.<\/p>\n\n\n\n<p>Esta instancia se enmarca en el proyecto de Fortalecimiento de la Descentralizaci\u00f3n Pol\u00edtica y el Desarrollo Territorial con Equidad que gestiona el Congreso de Intendentes, con el apoyo de la Uni\u00f3n Europea.<\/p>\n\n\n\n<p>La agenda prevista ser\u00e1 la siguiente:<\/p>\n\n\n\n<p><strong>Jueves 1\u00ba de setiembre<\/strong><\/p>\n\n\n\n<p>A partir de las 9.30 horas est\u00e1 prevista la llegada y acreditaci\u00f3n de los participantes. Luego, entre las 10 y las 10.30 horas, se har\u00e1 la bienvenida a cargo de las autoridades departamentales, nacionales y de la Uni\u00f3n Europea.<\/p>\n\n\n\n<p>Seguidamente, comenzar\u00e1 la presentaci\u00f3n de los objetivos del Ciclo de di\u00e1logos \u2013 por parte del Congreso de Intendentes y el equipo asesor.<\/p>\n\n\n\n<p>La agenda continuar\u00e1 con una puesta a punto del Plan Nacional de Residuos y Planes REP, a cargo del Ministerio de Ambiente: Plan de Gesti\u00f3n de Envases, Planes REP y Estrategia Nacional para el cierre de vertederos a cielo abierto (disposici\u00f3n final).<\/p>\n\n\n\n<p>Entre las 14 y las 17.30 horas se desarrollar\u00e1 un taller participativo con \u00e9nfasis en herramientas metodol\u00f3gicas para el autodiagn\u00f3stico, adem\u00e1s de la presentaci\u00f3n de Tableros de Gesti\u00f3n de Residuos y de la Comunidad de Ambiente RIL, a cargo de la organizaci\u00f3n Red de Innovaci\u00f3n Local (RIL) Mallo.<\/p>\n\n\n\n<p>Por \u00faltimo, tendr\u00e1 lugar un Conversatorio entre equipos de las intendencias departamentales para el intercambio de experiencias y casos de buenas pr\u00e1cticas. Taller moderado por equipos t\u00e9cnicos del Congreso de Intendentes. Panel de expertos: Lumber Andrada y Pablo Mateos.<\/p>\n\n\n\n<p><strong>Viernes 2\u00ba de setiembre<\/strong><\/p>\n\n\n\n<p>Entre las 8.30 y las 11 horas: Estrategias de recuperaci\u00f3n y valorizaci\u00f3n. La Econom\u00eda circular y su impacto social, econ\u00f3mico y ambiental. Identificaci\u00f3n y mapeo de actores departamentales y regionales para la valorizaci\u00f3n de residuos. Acciones regionales para la valorizaci\u00f3n. Se trata de una conferencia y taller, a cargo de la ingeniera Mariana Robano y la licenciada Mariale Ariceta.<\/p>\n\n\n\n<p>En el cierre, las intendencias de Tacuaremb\u00f3 y Rivera estar\u00e1n a cargo de la presentaci\u00f3n de la experiencia de relleno sanitario regional.<\/p>\n","protected":false},"excerpt":{"rendered":"<p>La actividad, que tendr\u00e1 lugar el 1\u00ba y 2 de setiembre, se centrar\u00e1 en las herramientas para el desarrollo de los planes departamentales y el impulso a emprendimientos de la econom\u00eda circular, con foco en la gesti\u00f3n integral de residuos. Ser\u00e1 en el Complejo socio cultural Javier Barrios Amor\u00edn y la apertura contar\u00e1 con la presencia del intendente de Tacuaremb\u00f3, Wilson Ezquerra<\/p>\n","protected":false},"author":3,"featured_media":15714,"comment_status":"open","ping_status":"open","sticky":false,"template":"","format":"standard","meta":{"_eb_attr":"","footnotes":""},"categories":[16],"tags":[],"class_list":{"0":"post-15713","1":"post","2":"type-post","3":"status-publish","4":"format-standard","5":"has-post-thumbnail","7":"category-noticias"},"_links":{"self":[{"href":"https:\/\/tacuarembo.gub.uy\/index.php?rest_route=\/wp\/v2\/posts\/15713","targetHints":{"allow":["GET"]}}],"collection":[{"href":"https:\/\/tacuarembo.gub.uy\/index.php?rest_route=\/wp\/v2\/posts"}],"about":[{"href":"https:\/\/tacuarembo.gub.uy\/index.php?rest_route=\/wp\/v2\/types\/post"}],"author":[{"embeddable":true,"href":"https:\/\/tacuarembo.gub.uy\/index.php?rest_route=\/wp\/v2\/users\/3"}],"replies":[{"embeddable":true,"href":"https:\/\/tacuarembo.gub.uy\/index.php?rest_route=%2Fwp%2Fv2%2Fcomments&post=15713"}],"version-history":[{"count":3,"href":"https:\/\/tacuarembo.gub.uy\/index.php?rest_route=\/wp\/v2\/posts\/15713\/revisions"}],"predecessor-version":[{"id":15727,"href":"https:\/\/tacuarembo.gub.uy\/index.php?rest_route=\/wp\/v2\/posts\/15713\/revisions\/15727"}],"wp:featuredmedia":[{"embeddable":true,"href":"https:\/\/tacuarembo.gub.uy\/index.php?rest_route=\/wp\/v2\/media\/15714"}],"wp:attachment":[{"href":"https:\/\/tacuarembo.gub.uy\/index.php?rest_route=%2Fwp%2Fv2%2Fmedia&parent=15713"}],"wp:term":[{"taxonomy":"category","embeddable":true,"href":"https:\/\/tacuarembo.gub.uy\/index.php?rest_route=%2Fwp%2Fv2%2Fcategories&post=15713"},{"taxonomy":"post_tag","embeddable":true,"href":"https:\/\/tacuarembo.gub.uy\/index.php?rest_route=%2Fwp%2Fv2%2Ftags&post=15713"}],"curies":[{"name":"wp","href":"https:\/\/api.w.org\/{rel}","templated":true}]}}