{"id":15705,"date":"2022-08-29T12:33:56","date_gmt":"2022-08-29T15:33:56","guid":{"rendered":"https:\/\/tacuarembo.gub.uy\/?p=15705"},"modified":"2022-08-29T12:33:56","modified_gmt":"2022-08-29T15:33:56","slug":"inscriben-para-taller-de-orientacion-laboral-gratuito","status":"publish","type":"post","link":"https:\/\/tacuarembo.gub.uy\/?p=15705","title":{"rendered":"Inscriben para Taller de Orientaci\u00f3n Laboral gratuito"},"content":{"rendered":"\n<p>La instancia se desarrollar\u00e1 este mi\u00e9rcoles 31 de agosto, a las 18.30, en el Anexo de la Intendencia de Tacuaremb\u00f3 -General Flores 185-. Est\u00e1 dirigida principalmente a un p\u00fablico joven, pero tambi\u00e9n podr\u00e1n participar aquellas personas que se encuentren en la b\u00fasqueda laboral.<\/p>\n\n\n\n<p>El director de Juventud de la IDT, Camilo Guti\u00e9rrez, inform\u00f3 sobre esta actividad junto al representante del Instituto Nacional de la Juventud (INJU), Mario Dutra, y las licenciadas Natalia Godoy y Valentina Varado.<\/p>\n\n\n\n<p>Los Talleres de Orientaci\u00f3n Laboral son una herramienta para la b\u00fasqueda de empleo, al tiempo que ayudan a la elaboraci\u00f3n del curr\u00edculum vitae y orientan sobre aspectos te\u00f3ricos y pr\u00e1cticos relativos a la entrevista laboral.<\/p>\n\n\n\n<p>Guti\u00e9rrez sostuvo que \u201cuna de las problem\u00e1ticas a las que se enfrenta la juventud es el acceso a la primera experiencia laboral\u201d. Por lo tanto, \u201cel armado de un curr\u00edculum vitae y estar bien preparados para la entrevista laboral son fundamentales a la hora de acceder al mercado laboral, ya que muchas veces los j\u00f3venes se quedan en el camino porque no cuentan con esos instrumentos\u201d.<\/p>\n\n\n\n<p>En la misma l\u00ednea, Godoy indic\u00f3 que \u201cla idea es abarcar el mundo laboral que es cambiante y din\u00e1mico\u201d. El curr\u00edculum y la entrevista \u201cson la carta de presentaci\u00f3n de la persona y queremos ense\u00f1arles y orientarlos para que cuenten con la informaci\u00f3n adecuada\u201d.<\/p>\n\n\n\n<p>Por su parte, Varado a\u00f1adi\u00f3 que \u201csi bien apuntamos a un p\u00fablico joven, invitamos a todos aquellos que tienen trabajo o ya cuentan con experiencia laboral pero quieren avanzar en una nueva b\u00fasqueda\u201d.<\/p>\n\n\n\n<p>Es importante que sepan \u201ccon el tiempo ha cambiado mucho el formato, la informaci\u00f3n que se pone y c\u00f3mo se ordena\u201d. En tanto, \u00abla entrevista es algo que se va aprendiendo y se practica\u201d.<\/p>\n\n\n\n<p>Los interesados en participar del Taller de Orientaci\u00f3n Laboral pueden inscribirse a trav\u00e9s de WhatsApp 091 728 702 o por intermedio de las redes sociales de la Direcci\u00f3n de Juventud.<\/p>\n\n\n\n\t\t<style type=\"text\/css\">\n\t\t\t#gallery-1 {\n\t\t\t\tmargin: auto;\n\t\t\t}\n\t\t\t#gallery-1 .gallery-item {\n\t\t\t\tfloat: left;\n\t\t\t\tmargin-top: 10px;\n\t\t\t\ttext-align: center;\n\t\t\t\twidth: 33%;\n\t\t\t}\n\t\t\t#gallery-1 img {\n\t\t\t\tborder: 2px solid #cfcfcf;\n\t\t\t}\n\t\t\t#gallery-1 .gallery-caption {\n\t\t\t\tmargin-left: 0;\n\t\t\t}\n\t\t\t\/* see gallery_shortcode() in wp-includes\/media.php *\/\n\t\t<\/style>\n\t\t<div id='gallery-1' class='gallery galleryid-15705 gallery-columns-3 gallery-size-full'><dl class='gallery-item'>\n\t\t\t<dt class='gallery-icon landscape'>\n\t\t\t\t<a href='https:\/\/tacuarembo.gub.uy\/?attachment_id=15706'><img loading=\"lazy\" decoding=\"async\" width=\"1080\" height=\"1080\" src=\"https:\/\/tacuarembo.gub.uy\/wp-content\/uploads\/WhatsApp-Image-2022-08-29-at-12.32.01-PM.jpeg\" class=\"attachment-full size-full\" alt=\"\" srcset=\"https:\/\/tacuarembo.gub.uy\/wp-content\/uploads\/WhatsApp-Image-2022-08-29-at-12.32.01-PM.jpeg 1080w, https:\/\/tacuarembo.gub.uy\/wp-content\/uploads\/WhatsApp-Image-2022-08-29-at-12.32.01-PM-768x768.jpeg 768w\" sizes=\"auto, (max-width: 1080px) 100vw, 1080px\" \/><\/a>\n\t\t\t<\/dt><\/dl><dl class='gallery-item'>\n\t\t\t<dt class='gallery-icon landscape'>\n\t\t\t\t<a href='https:\/\/tacuarembo.gub.uy\/?attachment_id=15707'><img loading=\"lazy\" decoding=\"async\" width=\"1600\" height=\"1200\" src=\"https:\/\/tacuarembo.gub.uy\/wp-content\/uploads\/WhatsApp-Image-2022-08-29-at-12.30.45-PM1.jpeg\" class=\"attachment-full size-full\" alt=\"\" srcset=\"https:\/\/tacuarembo.gub.uy\/wp-content\/uploads\/WhatsApp-Image-2022-08-29-at-12.30.45-PM1.jpeg 1600w, https:\/\/tacuarembo.gub.uy\/wp-content\/uploads\/WhatsApp-Image-2022-08-29-at-12.30.45-PM1-768x576.jpeg 768w, https:\/\/tacuarembo.gub.uy\/wp-content\/uploads\/WhatsApp-Image-2022-08-29-at-12.30.45-PM1-1536x1152.jpeg 1536w\" sizes=\"auto, (max-width: 1600px) 100vw, 1600px\" \/><\/a>\n\t\t\t<\/dt><\/dl><dl class='gallery-item'>\n\t\t\t<dt class='gallery-icon landscape'>\n\t\t\t\t<a href='https:\/\/tacuarembo.gub.uy\/?attachment_id=15708'><img loading=\"lazy\" decoding=\"async\" width=\"1600\" height=\"1200\" src=\"https:\/\/tacuarembo.gub.uy\/wp-content\/uploads\/WhatsApp-Image-2022-08-29-at-12.30.45-PM.jpeg\" class=\"attachment-full size-full\" alt=\"\" srcset=\"https:\/\/tacuarembo.gub.uy\/wp-content\/uploads\/WhatsApp-Image-2022-08-29-at-12.30.45-PM.jpeg 1600w, https:\/\/tacuarembo.gub.uy\/wp-content\/uploads\/WhatsApp-Image-2022-08-29-at-12.30.45-PM-768x576.jpeg 768w, https:\/\/tacuarembo.gub.uy\/wp-content\/uploads\/WhatsApp-Image-2022-08-29-at-12.30.45-PM-1536x1152.jpeg 1536w\" sizes=\"auto, (max-width: 1600px) 100vw, 1600px\" \/><\/a>\n\t\t\t<\/dt><\/dl><br style=\"clear: both\" \/><dl class='gallery-item'>\n\t\t\t<dt class='gallery-icon landscape'>\n\t\t\t\t<a href='https:\/\/tacuarembo.gub.uy\/?attachment_id=15709'><img loading=\"lazy\" decoding=\"async\" width=\"1600\" height=\"1200\" src=\"https:\/\/tacuarembo.gub.uy\/wp-content\/uploads\/WhatsApp-Image-2022-08-29-at-12.30.44-PM.jpeg\" class=\"attachment-full size-full\" alt=\"\" srcset=\"https:\/\/tacuarembo.gub.uy\/wp-content\/uploads\/WhatsApp-Image-2022-08-29-at-12.30.44-PM.jpeg 1600w, https:\/\/tacuarembo.gub.uy\/wp-content\/uploads\/WhatsApp-Image-2022-08-29-at-12.30.44-PM-768x576.jpeg 768w, https:\/\/tacuarembo.gub.uy\/wp-content\/uploads\/WhatsApp-Image-2022-08-29-at-12.30.44-PM-1536x1152.jpeg 1536w\" sizes=\"auto, (max-width: 1600px) 100vw, 1600px\" \/><\/a>\n\t\t\t<\/dt><\/dl>\n\t\t\t<br style='clear: both' \/>\n\t\t<\/div>\n","protected":false},"excerpt":{"rendered":"<p>La instancia se desarrollar\u00e1 este mi\u00e9rcoles 31 de agosto, a las 18.30, en el Anexo de la Intendencia de Tacuaremb\u00f3 -General Flores 185-. Est\u00e1 dirigida principalmente a un p\u00fablico joven, pero tambi\u00e9n podr\u00e1n participar aquellas personas que se encuentren en la b\u00fasqueda laboral<\/p>\n","protected":false},"author":3,"featured_media":15709,"comment_status":"open","ping_status":"open","sticky":false,"template":"","format":"standard","meta":{"_eb_attr":"","footnotes":""},"categories":[16],"tags":[],"class_list":{"0":"post-15705","1":"post","2":"type-post","3":"status-publish","4":"format-standard","5":"has-post-thumbnail","7":"category-noticias"},"_links":{"self":[{"href":"https:\/\/tacuarembo.gub.uy\/index.php?rest_route=\/wp\/v2\/posts\/15705","targetHints":{"allow":["GET"]}}],"collection":[{"href":"https:\/\/tacuarembo.gub.uy\/index.php?rest_route=\/wp\/v2\/posts"}],"about":[{"href":"https:\/\/tacuarembo.gub.uy\/index.php?rest_route=\/wp\/v2\/types\/post"}],"author":[{"embeddable":true,"href":"https:\/\/tacuarembo.gub.uy\/index.php?rest_route=\/wp\/v2\/users\/3"}],"replies":[{"embeddable":true,"href":"https:\/\/tacuarembo.gub.uy\/index.php?rest_route=%2Fwp%2Fv2%2Fcomments&post=15705"}],"version-history":[{"count":1,"href":"https:\/\/tacuarembo.gub.uy\/index.php?rest_route=\/wp\/v2\/posts\/15705\/revisions"}],"predecessor-version":[{"id":15710,"href":"https:\/\/tacuarembo.gub.uy\/index.php?rest_route=\/wp\/v2\/posts\/15705\/revisions\/15710"}],"wp:featuredmedia":[{"embeddable":true,"href":"https:\/\/tacuarembo.gub.uy\/index.php?rest_route=\/wp\/v2\/media\/15709"}],"wp:attachment":[{"href":"https:\/\/tacuarembo.gub.uy\/index.php?rest_route=%2Fwp%2Fv2%2Fmedia&parent=15705"}],"wp:term":[{"taxonomy":"category","embeddable":true,"href":"https:\/\/tacuarembo.gub.uy\/index.php?rest_route=%2Fwp%2Fv2%2Fcategories&post=15705"},{"taxonomy":"post_tag","embeddable":true,"href":"https:\/\/tacuarembo.gub.uy\/index.php?rest_route=%2Fwp%2Fv2%2Ftags&post=15705"}],"curies":[{"name":"wp","href":"https:\/\/api.w.org\/{rel}","templated":true}]}}