{"id":15698,"date":"2022-08-29T11:07:29","date_gmt":"2022-08-29T14:07:29","guid":{"rendered":"https:\/\/tacuarembo.gub.uy\/?p=15698"},"modified":"2022-08-29T14:01:53","modified_gmt":"2022-08-29T17:01:53","slug":"idt-instalo-un-contenedor-para-residuos-reciclables-en-el-centro-de-barrio-no-2","status":"publish","type":"post","link":"https:\/\/tacuarembo.gub.uy\/?p=15698","title":{"rendered":"IDT instal\u00f3 un contenedor para residuos reciclables en el Centro de Barrio N\u00ba 2"},"content":{"rendered":"\n<p>Representantes de las direcciones generales de Medio Ambiente y Desarrollo Social, junto a los integrantes de la Comisi\u00f3n del Centro de Barrio N\u00ba 2 y el equipo de la Asociaci\u00f3n Civil Ag\u00fcita, participaron de una nueva jornada de creaci\u00f3n e instalaci\u00f3n de un contenedor para residuos reciclables.<\/p>\n\n\n\n<p>La actividad, que tuvo lugar el pasado s\u00e1bado 27 de agosto, cont\u00f3 con la presencia de los directores de Medio Ambiente y Desarrollo Social, Jorge Castelli y Sergio Porcile (respectivamente), as\u00ed como vecinos comprometidos con el cuidado y el entorno del barrio.<\/p>\n\n\n\n<p>En la oportunidad, se los invit\u00f3 a colocar los residuos reciclables en los nuevos recipientes, los cuales ser\u00e1n retirados peri\u00f3dicamente por un reciclador. Tambi\u00e9n se le entreg\u00f3 a estudiantes del barrio un bid\u00f3n para el dep\u00f3sito de pilas, acci\u00f3n que se enmarca en la Campa\u00f1a \u201cPonete las pilas\u201d. Esta iniciativa consiste \u201cen que todos los Centros de Barrio tengan estos contenedores que faciliten el trabajo de los recicladores\u201d.<\/p>\n\n\n\n<p>La propuesta fue impulsada por la Asociaci\u00f3n Civil Ag\u00fcita y cuenta con el apoyo de la Direcci\u00f3n General de Medio Ambiente de la Intendencia de Tacuaremb\u00f3. En cada una de las intervenciones, se hace hincapi\u00e9 en las 3R (Reducir, Reciclar y Reutilizar), con el objetivo de cuidar el medio ambiente, reduciendo el volumen de residuos que se generan.<\/p>\n\n\n\n<p>En ese sentido, se utilizan los siguientes conceptos:<\/p>\n\n\n\n<p>Reducir: el objetivo de este t\u00e9rmino es que se reduzca el consumo a nivel de bienes y gasto energ\u00e9tico para disminuir el impacto en el medio ambiente. Se puede conseguir utilizando vasos y platos de cristal (en vez de material pl\u00e1stico), bolsas de tela, bombillas de bajo consumo, evitando comprar agua embotellada o comprando productos a granel, entre otras formas.<\/p>\n\n\n\n<p>Reutilizar: significa usar los productos m\u00e1s de una vez, d\u00e1ndoles as\u00ed una segunda vida, por ejemplo: utilizar pilas recargables o crear velas con latas usadas. Esta acci\u00f3n no solo ayuda a la econom\u00eda personal, sino tambi\u00e9n en materia ecol\u00f3gica.<\/p>\n\n\n\n<p>Reciclar: consiste en separar los residuos para transformarlos en nuevas materias primas y, de esta manera, se disminuye el da\u00f1o ambiental. No solamente se recicla cart\u00f3n, pl\u00e1stico y vidrio, tambi\u00e9n las bombillas, fotograf\u00edas, productos de limpieza, electrodom\u00e9sticos, y medicamentos, entre otros.<\/p>\n\n\n\n\t\t<style type=\"text\/css\">\n\t\t\t#gallery-1 {\n\t\t\t\tmargin: auto;\n\t\t\t}\n\t\t\t#gallery-1 .gallery-item {\n\t\t\t\tfloat: left;\n\t\t\t\tmargin-top: 10px;\n\t\t\t\ttext-align: center;\n\t\t\t\twidth: 33%;\n\t\t\t}\n\t\t\t#gallery-1 img {\n\t\t\t\tborder: 2px solid #cfcfcf;\n\t\t\t}\n\t\t\t#gallery-1 .gallery-caption {\n\t\t\t\tmargin-left: 0;\n\t\t\t}\n\t\t\t\/* see gallery_shortcode() in wp-includes\/media.php *\/\n\t\t<\/style>\n\t\t<div id='gallery-1' class='gallery galleryid-15698 gallery-columns-3 gallery-size-full'><dl class='gallery-item'>\n\t\t\t<dt class='gallery-icon landscape'>\n\t\t\t\t<a href='https:\/\/tacuarembo.gub.uy\/?attachment_id=15699'><img loading=\"lazy\" decoding=\"async\" width=\"1600\" height=\"1200\" src=\"https:\/\/tacuarembo.gub.uy\/wp-content\/uploads\/WhatsApp-Image-2022-08-29-at-10.36.15-AM1.jpeg\" class=\"attachment-full size-full\" alt=\"\" srcset=\"https:\/\/tacuarembo.gub.uy\/wp-content\/uploads\/WhatsApp-Image-2022-08-29-at-10.36.15-AM1.jpeg 1600w, https:\/\/tacuarembo.gub.uy\/wp-content\/uploads\/WhatsApp-Image-2022-08-29-at-10.36.15-AM1-768x576.jpeg 768w, https:\/\/tacuarembo.gub.uy\/wp-content\/uploads\/WhatsApp-Image-2022-08-29-at-10.36.15-AM1-1536x1152.jpeg 1536w\" sizes=\"auto, (max-width: 1600px) 100vw, 1600px\" \/><\/a>\n\t\t\t<\/dt><\/dl><dl class='gallery-item'>\n\t\t\t<dt class='gallery-icon landscape'>\n\t\t\t\t<a href='https:\/\/tacuarembo.gub.uy\/?attachment_id=15700'><img loading=\"lazy\" decoding=\"async\" width=\"1600\" height=\"1200\" src=\"https:\/\/tacuarembo.gub.uy\/wp-content\/uploads\/WhatsApp-Image-2022-08-29-at-10.36.15-AM.jpeg\" class=\"attachment-full size-full\" alt=\"\" srcset=\"https:\/\/tacuarembo.gub.uy\/wp-content\/uploads\/WhatsApp-Image-2022-08-29-at-10.36.15-AM.jpeg 1600w, https:\/\/tacuarembo.gub.uy\/wp-content\/uploads\/WhatsApp-Image-2022-08-29-at-10.36.15-AM-768x576.jpeg 768w, https:\/\/tacuarembo.gub.uy\/wp-content\/uploads\/WhatsApp-Image-2022-08-29-at-10.36.15-AM-1536x1152.jpeg 1536w\" sizes=\"auto, (max-width: 1600px) 100vw, 1600px\" \/><\/a>\n\t\t\t<\/dt><\/dl><dl class='gallery-item'>\n\t\t\t<dt class='gallery-icon landscape'>\n\t\t\t\t<a href='https:\/\/tacuarembo.gub.uy\/?attachment_id=15701'><img loading=\"lazy\" decoding=\"async\" width=\"1600\" height=\"1200\" src=\"https:\/\/tacuarembo.gub.uy\/wp-content\/uploads\/WhatsApp-Image-2022-08-29-at-10.36.13-AM.jpeg\" class=\"attachment-full size-full\" alt=\"\" srcset=\"https:\/\/tacuarembo.gub.uy\/wp-content\/uploads\/WhatsApp-Image-2022-08-29-at-10.36.13-AM.jpeg 1600w, https:\/\/tacuarembo.gub.uy\/wp-content\/uploads\/WhatsApp-Image-2022-08-29-at-10.36.13-AM-768x576.jpeg 768w, https:\/\/tacuarembo.gub.uy\/wp-content\/uploads\/WhatsApp-Image-2022-08-29-at-10.36.13-AM-1536x1152.jpeg 1536w\" sizes=\"auto, (max-width: 1600px) 100vw, 1600px\" \/><\/a>\n\t\t\t<\/dt><\/dl><br style=\"clear: both\" \/><dl class='gallery-item'>\n\t\t\t<dt class='gallery-icon landscape'>\n\t\t\t\t<a href='https:\/\/tacuarembo.gub.uy\/?attachment_id=15702'><img loading=\"lazy\" decoding=\"async\" width=\"544\" height=\"432\" src=\"https:\/\/tacuarembo.gub.uy\/wp-content\/uploads\/WhatsApp-Image-2022-08-29-at-10.33.31-AM.jpeg\" class=\"attachment-full size-full\" alt=\"\" \/><\/a>\n\t\t\t<\/dt><\/dl>\n\t\t\t<br style='clear: both' \/>\n\t\t<\/div>\n","protected":false},"excerpt":{"rendered":"<p>Representantes de las direcciones generales de Medio Ambiente y Desarrollo Social, junto a los integrantes de la Comisi\u00f3n del Centro de Barrio N\u00ba 2 y el equipo de la Asociaci\u00f3n Civil Ag\u00fcita, participaron de una nueva jornada de creaci\u00f3n e instalaci\u00f3n de un contenedor para residuos reciclables.<\/p>\n","protected":false},"author":3,"featured_media":15703,"comment_status":"open","ping_status":"open","sticky":false,"template":"","format":"standard","meta":{"_eb_attr":"","footnotes":""},"categories":[19,29,16],"tags":[],"class_list":{"0":"post-15698","1":"post","2":"type-post","3":"status-publish","4":"format-standard","5":"has-post-thumbnail","7":"category-didesol","8":"category-medio-ambiente","9":"category-noticias"},"_links":{"self":[{"href":"https:\/\/tacuarembo.gub.uy\/index.php?rest_route=\/wp\/v2\/posts\/15698","targetHints":{"allow":["GET"]}}],"collection":[{"href":"https:\/\/tacuarembo.gub.uy\/index.php?rest_route=\/wp\/v2\/posts"}],"about":[{"href":"https:\/\/tacuarembo.gub.uy\/index.php?rest_route=\/wp\/v2\/types\/post"}],"author":[{"embeddable":true,"href":"https:\/\/tacuarembo.gub.uy\/index.php?rest_route=\/wp\/v2\/users\/3"}],"replies":[{"embeddable":true,"href":"https:\/\/tacuarembo.gub.uy\/index.php?rest_route=%2Fwp%2Fv2%2Fcomments&post=15698"}],"version-history":[{"count":3,"href":"https:\/\/tacuarembo.gub.uy\/index.php?rest_route=\/wp\/v2\/posts\/15698\/revisions"}],"predecessor-version":[{"id":15712,"href":"https:\/\/tacuarembo.gub.uy\/index.php?rest_route=\/wp\/v2\/posts\/15698\/revisions\/15712"}],"wp:featuredmedia":[{"embeddable":true,"href":"https:\/\/tacuarembo.gub.uy\/index.php?rest_route=\/wp\/v2\/media\/15703"}],"wp:attachment":[{"href":"https:\/\/tacuarembo.gub.uy\/index.php?rest_route=%2Fwp%2Fv2%2Fmedia&parent=15698"}],"wp:term":[{"taxonomy":"category","embeddable":true,"href":"https:\/\/tacuarembo.gub.uy\/index.php?rest_route=%2Fwp%2Fv2%2Fcategories&post=15698"},{"taxonomy":"post_tag","embeddable":true,"href":"https:\/\/tacuarembo.gub.uy\/index.php?rest_route=%2Fwp%2Fv2%2Ftags&post=15698"}],"curies":[{"name":"wp","href":"https:\/\/api.w.org\/{rel}","templated":true}]}}