{"id":15687,"date":"2022-08-26T19:31:24","date_gmt":"2022-08-26T22:31:24","guid":{"rendered":"https:\/\/tacuarembo.gub.uy\/?p=15687"},"modified":"2022-08-26T19:33:08","modified_gmt":"2022-08-26T22:33:08","slug":"profesores-y-deportistas-de-tacuarembo-cada-vez-mas-cerca-del-sudamericano-de-handbol","status":"publish","type":"post","link":"https:\/\/tacuarembo.gub.uy\/?p=15687","title":{"rendered":"Profesores y deportistas de Tacuaremb\u00f3 cada vez m\u00e1s cerca del Sudamericano de H\u00e1ndbol"},"content":{"rendered":"\n<p>Las profesoras Fiorella Guedes y Carolina Ferreira fueron convocadas como ayudantes \u00a0<br>para integrar el cuerpo t\u00e9cnico de la Selecci\u00f3n Uruguaya de H\u00e1ndbol, mientras que cinco deportistas tacuaremboenses forman parte de la preselecci\u00f3n uruguaya de cadetes (Categor\u00eda Sub 19).<\/p>\n\n\n\n<p>Se trata de Mateo Casas, Mauro \u00c1lvez, Marcio Nieves, Facundo Olivera y Alfonso Trinidad, quienes sue\u00f1an con representar a Uruguay en el Torneo Sudamericano.<\/p>\n\n\n\n<p>El director de Deportes de la Intendencia de Tacuaremb\u00f3, Math\u00edas Grizzutti, tuvo palabras de aliento hacia los deportistas que est\u00e1n motivados ante este desaf\u00edo.<\/p>\n\n\n\n<p>En tanto, Ferreira se mostr\u00f3 emocionada por el logro de sus alumnos que tienen esta posibilidad a nivel de selecci\u00f3n y destac\u00f3 el esfuerzo que realiza junto a su colega (Guedes) para viajar semanalmente a las pr\u00e1cticas que se desarrollan en Montevideo. Asimismo, destac\u00f3 el apoyo de la Intendencia \u201cque nos ayuda con los pasajes\u201d.<\/p>\n\n\n\n<figure class=\"wp-block-image size-large\"><img loading=\"lazy\" decoding=\"async\" width=\"800\" height=\"420\" src=\"https:\/\/tacuarembo.gub.uy\/wp-content\/uploads\/IMG-20220826-WA0045-800x420.jpg\" alt=\"\" class=\"wp-image-15688\"\/><\/figure>\n\n\n\n<p>Respecto a la citaci\u00f3n, sostuvo que \u201ces una sorpresa y una satisfacci\u00f3n para las dos porque como t\u00e9cnicas aspiramos a estar cerca de la selecci\u00f3n y lo bueno es que tambi\u00e9n se visibiliza en trabajo que hacemos en el Polideportivo de Tacuaremb\u00f3\u201d.<\/p>\n\n\n\n<p>Guedes agreg\u00f3 que \u201clo que aprendimos tratamos de volcarlo a los chicos pero ahora estamos frente a un escal\u00f3n m\u00e1s y seguramente nos servir\u00e1 para crecer en el \u00e1mbito del deporte colectivo\u201d.<\/p>\n\n\n\n<p>Por su parte, los alumnos destacaron el esfuerzo de las autoridades de la Intendencia y de las familias para costear los viajes a la capital y aseguraron que est\u00e1n viviendo un sue\u00f1o ya que \u201ccualquier deportista quiere representar a Uruguay y estamos a mitad de ese sue\u00f1o; por eso vamos a dejar todo para disfrutar y vivir esa experiencia de jugar un Sudamericano\u201d.<\/p>\n\n\n\n<p>Tambi\u00e9n manifestaron que \u201clo que nos est\u00e1 pasando refleja el trabajo de todos los d\u00edas y nuestro objetivo es poder ser un ejemplo para otros; estamos felices con este proceso que comenz\u00f3 hace seis a\u00f1os e intentamos dejar a Tacuaremb\u00f3 en lo m\u00e1s alto\u201d, adem\u00e1s de agregar que la base de todo \u201cson las dos profesores\u201d.<\/p>\n","protected":false},"excerpt":{"rendered":"<p>Las profesoras Fiorella Guedes y Carolina Ferreira fueron convocadas como ayudantes \u00a0<br \/>\npara integrar el cuerpo t\u00e9cnico de la Selecci\u00f3n Uruguaya de H\u00e1ndbol, mientras que cinco deportistas tacuaremboenses forman parte de la preselecci\u00f3n uruguaya de cadetes (Categor\u00eda Sub 19).<\/p>\n","protected":false},"author":3,"featured_media":15688,"comment_status":"open","ping_status":"open","sticky":false,"template":"","format":"standard","meta":{"_eb_attr":"","footnotes":""},"categories":[16],"tags":[],"class_list":{"0":"post-15687","1":"post","2":"type-post","3":"status-publish","4":"format-standard","5":"has-post-thumbnail","7":"category-noticias"},"_links":{"self":[{"href":"https:\/\/tacuarembo.gub.uy\/index.php?rest_route=\/wp\/v2\/posts\/15687","targetHints":{"allow":["GET"]}}],"collection":[{"href":"https:\/\/tacuarembo.gub.uy\/index.php?rest_route=\/wp\/v2\/posts"}],"about":[{"href":"https:\/\/tacuarembo.gub.uy\/index.php?rest_route=\/wp\/v2\/types\/post"}],"author":[{"embeddable":true,"href":"https:\/\/tacuarembo.gub.uy\/index.php?rest_route=\/wp\/v2\/users\/3"}],"replies":[{"embeddable":true,"href":"https:\/\/tacuarembo.gub.uy\/index.php?rest_route=%2Fwp%2Fv2%2Fcomments&post=15687"}],"version-history":[{"count":2,"href":"https:\/\/tacuarembo.gub.uy\/index.php?rest_route=\/wp\/v2\/posts\/15687\/revisions"}],"predecessor-version":[{"id":15691,"href":"https:\/\/tacuarembo.gub.uy\/index.php?rest_route=\/wp\/v2\/posts\/15687\/revisions\/15691"}],"wp:featuredmedia":[{"embeddable":true,"href":"https:\/\/tacuarembo.gub.uy\/index.php?rest_route=\/wp\/v2\/media\/15688"}],"wp:attachment":[{"href":"https:\/\/tacuarembo.gub.uy\/index.php?rest_route=%2Fwp%2Fv2%2Fmedia&parent=15687"}],"wp:term":[{"taxonomy":"category","embeddable":true,"href":"https:\/\/tacuarembo.gub.uy\/index.php?rest_route=%2Fwp%2Fv2%2Fcategories&post=15687"},{"taxonomy":"post_tag","embeddable":true,"href":"https:\/\/tacuarembo.gub.uy\/index.php?rest_route=%2Fwp%2Fv2%2Ftags&post=15687"}],"curies":[{"name":"wp","href":"https:\/\/api.w.org\/{rel}","templated":true}]}}