{"id":15684,"date":"2022-08-26T19:28:41","date_gmt":"2022-08-26T22:28:41","guid":{"rendered":"https:\/\/tacuarembo.gub.uy\/?p=15684"},"modified":"2022-08-29T11:30:45","modified_gmt":"2022-08-29T14:30:45","slug":"ezquerra-destaco-presencia-de-argimon-en-tacuarembo-como-una-senal-de-cercania","status":"publish","type":"post","link":"https:\/\/tacuarembo.gub.uy\/?p=15684","title":{"rendered":"Ezquerra destac\u00f3 presencia de Argim\u00f3n en Tacuaremb\u00f3 como una se\u00f1al de cercan\u00eda"},"content":{"rendered":"\n<p>El intendente de Tacuaremb\u00f3, Wilson Ezquerra, recibi\u00f3 esta tarde a la vicepresidente de la Rep\u00fablica, Beatriz Argim\u00f3n, quien lleg\u00f3 al departamento en el marco de una gira por el Norte del pa\u00eds.<\/p>\n\n\n\n<p>Ambos coincidieron en la importancia fortalecer el di\u00e1logo y el intercambio entre el gobierno nacional y departamental. En ese marco, Ezquerra le agradeci\u00f3 especialmente \u201cpor tomarse el tiempo de llegar a nuestro departamento porque siempre es importante que vengan los actores sociales y mucho m\u00e1s si hablamos de la vicepresidente de la Rep\u00fablica\u201d.<\/p>\n\n\n\n<p>Por lo tanto, \u201cnos deja contentos y nos da la posibilidad de intercambiar sobre la realidad y otros aspectos que se vienen llevando adelante en materia de pol\u00edticas p\u00fablicas que nos nutren como gobernantes\u201d.<\/p>\n\n\n\n<p>Argim\u00f3n remarc\u00f3 que uno de los objetivos consiste en \u00abcharlar en el territorio con los intendentes, los alcaldes y el legislativo comunal porque esa es la forma que nos gusta llevar adelante la pol\u00edtica\u201d. Adem\u00e1s, \u201cnos permite hacer una puesta a punto y es bueno saber lo que pasa en el territorio\u201d.<\/p>\n\n\n\n<figure class=\"wp-block-embed is-provider-youtube wp-block-embed-youtube\"><div class=\"wp-block-embed__wrapper\">\n<iframe loading=\"lazy\" title=\"Beatriz Argim\u00f3n se reuni\u00f3 con el Intendente Wilson Ezquerra.\" width=\"1080\" height=\"608\" src=\"https:\/\/www.youtube.com\/embed\/jsm8Qn3jf7s?feature=oembed\" frameborder=\"0\" allow=\"accelerometer; autoplay; clipboard-write; encrypted-media; gyroscope; picture-in-picture; web-share\" referrerpolicy=\"strict-origin-when-cross-origin\" allowfullscreen><\/iframe>\n<\/div><\/figure>\n","protected":false},"excerpt":{"rendered":"<p>El intendente de Tacuaremb\u00f3, Wilson Ezquerra, recibi\u00f3 esta tarde a la vicepresidente de la Rep\u00fablica, Beatriz Argim\u00f3n, quien lleg\u00f3 al departamento en el marco de una gira por el Norte del pa\u00eds<\/p>\n","protected":false},"author":3,"featured_media":15685,"comment_status":"open","ping_status":"open","sticky":false,"template":"","format":"standard","meta":{"_eb_attr":"","footnotes":""},"categories":[16],"tags":[],"class_list":{"0":"post-15684","1":"post","2":"type-post","3":"status-publish","4":"format-standard","5":"has-post-thumbnail","7":"category-noticias"},"_links":{"self":[{"href":"https:\/\/tacuarembo.gub.uy\/index.php?rest_route=\/wp\/v2\/posts\/15684","targetHints":{"allow":["GET"]}}],"collection":[{"href":"https:\/\/tacuarembo.gub.uy\/index.php?rest_route=\/wp\/v2\/posts"}],"about":[{"href":"https:\/\/tacuarembo.gub.uy\/index.php?rest_route=\/wp\/v2\/types\/post"}],"author":[{"embeddable":true,"href":"https:\/\/tacuarembo.gub.uy\/index.php?rest_route=\/wp\/v2\/users\/3"}],"replies":[{"embeddable":true,"href":"https:\/\/tacuarembo.gub.uy\/index.php?rest_route=%2Fwp%2Fv2%2Fcomments&post=15684"}],"version-history":[{"count":1,"href":"https:\/\/tacuarembo.gub.uy\/index.php?rest_route=\/wp\/v2\/posts\/15684\/revisions"}],"predecessor-version":[{"id":15686,"href":"https:\/\/tacuarembo.gub.uy\/index.php?rest_route=\/wp\/v2\/posts\/15684\/revisions\/15686"}],"wp:featuredmedia":[{"embeddable":true,"href":"https:\/\/tacuarembo.gub.uy\/index.php?rest_route=\/wp\/v2\/media\/15685"}],"wp:attachment":[{"href":"https:\/\/tacuarembo.gub.uy\/index.php?rest_route=%2Fwp%2Fv2%2Fmedia&parent=15684"}],"wp:term":[{"taxonomy":"category","embeddable":true,"href":"https:\/\/tacuarembo.gub.uy\/index.php?rest_route=%2Fwp%2Fv2%2Fcategories&post=15684"},{"taxonomy":"post_tag","embeddable":true,"href":"https:\/\/tacuarembo.gub.uy\/index.php?rest_route=%2Fwp%2Fv2%2Ftags&post=15684"}],"curies":[{"name":"wp","href":"https:\/\/api.w.org\/{rel}","templated":true}]}}