{"id":15678,"date":"2022-08-26T13:11:38","date_gmt":"2022-08-26T16:11:38","guid":{"rendered":"https:\/\/tacuarembo.gub.uy\/?p=15678"},"modified":"2022-08-26T13:12:21","modified_gmt":"2022-08-26T16:12:21","slug":"polideportivo-de-tacuarembo-sera-sede-de-un-torneo-de-natacion","status":"publish","type":"post","link":"https:\/\/tacuarembo.gub.uy\/?p=15678","title":{"rendered":"Polideportivo de Tacuaremb\u00f3 ser\u00e1 sede de un Torneo de Nataci\u00f3n"},"content":{"rendered":"\n<p>El pr\u00f3ximo 10 de setiembre se contar\u00e1 con la presencia de delegaciones de todo el pa\u00eds en diferentes categor\u00edas. En esa oportunidad, se podr\u00e1 ver a los planteles de nataci\u00f3n infantil de Tacuaremb\u00f3 bajo la orientaci\u00f3n de los profesores Santiago Neves y Darwin Iglesias.<\/p>\n\n\n\n<p>Para este evento ya est\u00e1 confirmada la participaci\u00f3n de clubes de Florida, Mercedes, Bella Uni\u00f3n, San Jos\u00e9, Paysand\u00fa y Salto.<\/p>\n\n\n\n<p>Consultado sobre la actividad, Neves sostuvo que \u201ces muy lindo ver la llegada de nadadores junto a sus familias desde todas partes del pa\u00eds\u201d y destac\u00f3 que \u00aba nivel local el plantel tiene un grupo de padres muy fuerte que trabaja duro junto a los profesores para que esta instancia se pueda llevar a cabo\u201d.<\/p>\n\n\n\n<p>Asimismo invit\u00f3 a la poblaci\u00f3n a concurrir al Polideportivo de Tacuaremb\u00f3 para acompa\u00f1ar y alentar a los nadadores. Se aclara que el ingreso a la actividad es libre y gratuito para todo p\u00fablico.<\/p>\n\n\n\n<p>Por otra parte, adelant\u00f3 que \u201cel 17 de setiembre vamos a concurrir a Mercedes con los nadadores de 12 y 13 a\u00f1os, mientras que luego viajaremos a Florida con juveniles y mayores\u201d. En el mes de octubre \u201cel Polideportivo volver\u00e1 a ser sede de un Torneo Regional donde \u201ccompetiremos en todas las categor\u00edas\u201d, al tiempo que \u201cen diciembre se har\u00e1 un actividad de cierre en San Jos\u00e9\u201d.<\/p>\n\n\n\n<p>En tanto, el entrenador Darwin Iglesias, remarc\u00f3 los logros alcanzados en una competencia que se realiz\u00f3 el pasado fin de semana en Montevideo y que cont\u00f3 con desaf\u00edos de 200 y 400 metros . Tacuaremb\u00f3 estuvo representado por tres nadadoras de la Categor\u00eda Infantiles B y se obtuvieron dos medallas en los primeros puestos y otras tres en los segundos lugares.<\/p>\n","protected":false},"excerpt":{"rendered":"<p>El pr\u00f3ximo 10 de setiembre se contar\u00e1 con la presencia de delegaciones de todo el pa\u00eds en diferentes categor\u00edas. En esa oportunidad, se podr\u00e1 ver a los planteles de nataci\u00f3n infantil de Tacuaremb\u00f3 bajo la orientaci\u00f3n de los profesores Santiago Neves y Darwin Iglesias<\/p>\n","protected":false},"author":3,"featured_media":15675,"comment_status":"open","ping_status":"open","sticky":false,"template":"","format":"standard","meta":{"_eb_attr":"","footnotes":""},"categories":[31,16],"tags":[],"class_list":{"0":"post-15678","1":"post","2":"type-post","3":"status-publish","4":"format-standard","5":"has-post-thumbnail","7":"category-deportes","8":"category-noticias"},"_links":{"self":[{"href":"https:\/\/tacuarembo.gub.uy\/index.php?rest_route=\/wp\/v2\/posts\/15678","targetHints":{"allow":["GET"]}}],"collection":[{"href":"https:\/\/tacuarembo.gub.uy\/index.php?rest_route=\/wp\/v2\/posts"}],"about":[{"href":"https:\/\/tacuarembo.gub.uy\/index.php?rest_route=\/wp\/v2\/types\/post"}],"author":[{"embeddable":true,"href":"https:\/\/tacuarembo.gub.uy\/index.php?rest_route=\/wp\/v2\/users\/3"}],"replies":[{"embeddable":true,"href":"https:\/\/tacuarembo.gub.uy\/index.php?rest_route=%2Fwp%2Fv2%2Fcomments&post=15678"}],"version-history":[{"count":1,"href":"https:\/\/tacuarembo.gub.uy\/index.php?rest_route=\/wp\/v2\/posts\/15678\/revisions"}],"predecessor-version":[{"id":15679,"href":"https:\/\/tacuarembo.gub.uy\/index.php?rest_route=\/wp\/v2\/posts\/15678\/revisions\/15679"}],"wp:featuredmedia":[{"embeddable":true,"href":"https:\/\/tacuarembo.gub.uy\/index.php?rest_route=\/wp\/v2\/media\/15675"}],"wp:attachment":[{"href":"https:\/\/tacuarembo.gub.uy\/index.php?rest_route=%2Fwp%2Fv2%2Fmedia&parent=15678"}],"wp:term":[{"taxonomy":"category","embeddable":true,"href":"https:\/\/tacuarembo.gub.uy\/index.php?rest_route=%2Fwp%2Fv2%2Fcategories&post=15678"},{"taxonomy":"post_tag","embeddable":true,"href":"https:\/\/tacuarembo.gub.uy\/index.php?rest_route=%2Fwp%2Fv2%2Ftags&post=15678"}],"curies":[{"name":"wp","href":"https:\/\/api.w.org\/{rel}","templated":true}]}}