{"id":15674,"date":"2022-08-26T12:51:49","date_gmt":"2022-08-26T15:51:49","guid":{"rendered":"https:\/\/tacuarembo.gub.uy\/?p=15674"},"modified":"2022-08-26T13:10:53","modified_gmt":"2022-08-26T16:10:53","slug":"mas-de-200-ninos-integran-escuelita-de-basquetbol-del-polideportivo-de-tacuarembo","status":"publish","type":"post","link":"https:\/\/tacuarembo.gub.uy\/?p=15674","title":{"rendered":"M\u00e1s de 200 ni\u00f1os integran Escuelita de B\u00e1squetbol del Polideportivo de Tacuaremb\u00f3"},"content":{"rendered":"\n<p>El profesor Federico Moggia realiz\u00f3 un balance del trabajo que se viene realizando en este centro deportivo para la formaci\u00f3n en b\u00e1squetbol de ni\u00f1os a partir de los cinco a\u00f1os y juveniles.<\/p>\n\n\n\n<p>En ese sentido, afirm\u00f3 que la iniciativa se puso en marcha hace cinco a\u00f1os y se lograron conformar todas las categor\u00edas, lo cual les permiti\u00f3 competir a nivel local, departamental y regional.<\/p>\n\n\n\n<p>Adem\u00e1s, expres\u00f3 que \u201cen la actualidad tenemos un proyecto integrado por CENADE, Primaria, los clubes deportivos, la Intendencia de Tacuaremb\u00f3 y diferentes empresas para la ejecuci\u00f3n de este proyecto en los barrios\u201d. La propuesta ya se implement\u00f3 en la Plaza de Deportes y el Centro de Barrio N\u00ba 1 con \u201cuna gran concurrencia\u201d.<\/p>\n\n\n\n<p>Durante los meses de setiembre, octubre y noviembre \u201chabr\u00e1 encuentros en los diferentes barrios con el objetivo de lograr abarcar a todos los ni\u00f1os\u201d. Moggia, que trabaja junto al profesor \u00c1lvaro Lesna, explic\u00f3 que se implementa un sistema de becas a trav\u00e9s de las direcciones de Desarrollo Social y Deportes de la IDT con la finalidad de \u201cinvolucrar a todos los menores que les guste el b\u00e1squetbol y no tengan la posibilidad de pagar la cuota\u201d.<\/p>\n\n\n\n<p>En otro orden, el Polideportivo de Tacuaremb\u00f3 participa en el Campeonato Regional Norte con Artigas, Rivera y Cerro Largo, as\u00ed como tambi\u00e9n en el Campeonato Triple Frontera junto a cuadros de Brasil y Argentina, en las categor\u00edas juveniles y mayores.<\/p>\n","protected":false},"excerpt":{"rendered":"<p>El profesor Federico Moggia realiz\u00f3 un balance del trabajo que se viene realizando en este centro deportivo para la formaci\u00f3n en b\u00e1squetbol de ni\u00f1os a partir de los cinco a\u00f1os y juveniles<\/p>\n","protected":false},"author":3,"featured_media":15677,"comment_status":"open","ping_status":"open","sticky":false,"template":"","format":"standard","meta":{"_eb_attr":"","footnotes":""},"categories":[31,16],"tags":[],"class_list":{"0":"post-15674","1":"post","2":"type-post","3":"status-publish","4":"format-standard","5":"has-post-thumbnail","7":"category-deportes","8":"category-noticias"},"_links":{"self":[{"href":"https:\/\/tacuarembo.gub.uy\/index.php?rest_route=\/wp\/v2\/posts\/15674","targetHints":{"allow":["GET"]}}],"collection":[{"href":"https:\/\/tacuarembo.gub.uy\/index.php?rest_route=\/wp\/v2\/posts"}],"about":[{"href":"https:\/\/tacuarembo.gub.uy\/index.php?rest_route=\/wp\/v2\/types\/post"}],"author":[{"embeddable":true,"href":"https:\/\/tacuarembo.gub.uy\/index.php?rest_route=\/wp\/v2\/users\/3"}],"replies":[{"embeddable":true,"href":"https:\/\/tacuarembo.gub.uy\/index.php?rest_route=%2Fwp%2Fv2%2Fcomments&post=15674"}],"version-history":[{"count":1,"href":"https:\/\/tacuarembo.gub.uy\/index.php?rest_route=\/wp\/v2\/posts\/15674\/revisions"}],"predecessor-version":[{"id":15676,"href":"https:\/\/tacuarembo.gub.uy\/index.php?rest_route=\/wp\/v2\/posts\/15674\/revisions\/15676"}],"wp:featuredmedia":[{"embeddable":true,"href":"https:\/\/tacuarembo.gub.uy\/index.php?rest_route=\/wp\/v2\/media\/15677"}],"wp:attachment":[{"href":"https:\/\/tacuarembo.gub.uy\/index.php?rest_route=%2Fwp%2Fv2%2Fmedia&parent=15674"}],"wp:term":[{"taxonomy":"category","embeddable":true,"href":"https:\/\/tacuarembo.gub.uy\/index.php?rest_route=%2Fwp%2Fv2%2Fcategories&post=15674"},{"taxonomy":"post_tag","embeddable":true,"href":"https:\/\/tacuarembo.gub.uy\/index.php?rest_route=%2Fwp%2Fv2%2Ftags&post=15674"}],"curies":[{"name":"wp","href":"https:\/\/api.w.org\/{rel}","templated":true}]}}