{"id":15418,"date":"2022-08-14T13:03:22","date_gmt":"2022-08-14T16:03:22","guid":{"rendered":"https:\/\/tacuarembo.gub.uy\/?p=15418"},"modified":"2022-08-14T13:03:47","modified_gmt":"2022-08-14T16:03:47","slug":"feria-de-paso-del-cerro-se-disfruto-a-pleno-por-la-comunidad-local-y-los-visitantes","status":"publish","type":"post","link":"https:\/\/tacuarembo.gub.uy\/?p=15418","title":{"rendered":"Feria de Paso del Cerro se disfrut\u00f3 a pleno por la comunidad local y los visitantes"},"content":{"rendered":"\n<p>La propuesta gastron\u00f3mica y artesanal ofici\u00f3 como un espacio para el desarrollo de artesanos, emprendedores y peque\u00f1os productores. Adem\u00e1s, permiti\u00f3 plasmar la gesti\u00f3n de la Direcci\u00f3n de Turismo de Tacuaremb\u00f3 en materia de descentralizaci\u00f3n.<\/p>\n\n\n\n<p>El intendente, Wilson Ezquerra, disfrut\u00f3 de la jornada que cont\u00f3 con una variedad de actividades durante el s\u00e1bado 13 de agosto, en Paso del Cerro. La feria se desarroll\u00f3 con el impulso de la Direcci\u00f3n de Turismo, el apoyo de la Agencia Nacional de Desarrollo (ANDE), la Uni\u00f3n Europea y el Congreso de Intendentes, en coordinaci\u00f3n con el Programa de Peque\u00f1as Donaciones (PPD) de Naciones Unidas que busca potenciar a las Quebradas del Norte.<\/p>\n\n\n\n<p>En ese marco, el director de Turismo, Marcelo Crespi, resalt\u00f3 que \u201cfue un d\u00eda cargado de emoci\u00f3n porque luego de tantos meses de trabajo, toda la comunidad de Paso del Cerro y las localidades vecinas cumplieron con este objetivo\u201d. La llegada del Tren de las Sierras -por primera vez a la zona y con 70 pasajeros- realmente es \u201cmuy significativo\u201d y en la plaza se pudo disfrutar de la presentaci\u00f3n musical de artistas locales y actividades para los ni\u00f1os.<\/p>\n\n\n\n<p>Adem\u00e1s, se llev\u00f3 a cabo la entrega de premios del concurso fotogr\u00e1fico organizado por la fot\u00f3grafa Mar\u00eda Rodr\u00edguez, oriunda de Paso del Cerro, con el objetivo de dar a conocer los atractivos de las Quebradas del Norte.<\/p>\n\n\n\n<p>Por otra parte, la Intendencia de Tacuaremb\u00f3 otorg\u00f3 equipamiento a los emprendedores de la regi\u00f3n.<\/p>\n\n\n\n<p>El jerarca se mostr\u00f3 satisfecho porque \u201ces el fruto del trabajo de varios meses, al tiempo que remarc\u00f3 que el objetivo es potenciar todo el territorio\u201d. En ese sentido, \u201cestamos visitando junto a representantes del Ministerio de Ganader\u00eda, Agricultura y Pesca (MGAP) las mesas de desarrollo rural intentando transmitir que la actividad tur\u00edstica puede ser complementaria a la agropecuaria.<\/p>\n\n\n\n\t\t<style type=\"text\/css\">\n\t\t\t#gallery-1 {\n\t\t\t\tmargin: auto;\n\t\t\t}\n\t\t\t#gallery-1 .gallery-item {\n\t\t\t\tfloat: left;\n\t\t\t\tmargin-top: 10px;\n\t\t\t\ttext-align: center;\n\t\t\t\twidth: 33%;\n\t\t\t}\n\t\t\t#gallery-1 img {\n\t\t\t\tborder: 2px solid #cfcfcf;\n\t\t\t}\n\t\t\t#gallery-1 .gallery-caption {\n\t\t\t\tmargin-left: 0;\n\t\t\t}\n\t\t\t\/* see gallery_shortcode() in wp-includes\/media.php *\/\n\t\t<\/style>\n\t\t<div id='gallery-1' class='gallery galleryid-15418 gallery-columns-3 gallery-size-full'><dl class='gallery-item'>\n\t\t\t<dt class='gallery-icon landscape'>\n\t\t\t\t<a href='https:\/\/tacuarembo.gub.uy\/?attachment_id=15419'><img loading=\"lazy\" decoding=\"async\" width=\"1024\" height=\"576\" src=\"https:\/\/tacuarembo.gub.uy\/wp-content\/uploads\/IMG-20220814-WA0005.jpg\" class=\"attachment-full size-full\" alt=\"\" srcset=\"https:\/\/tacuarembo.gub.uy\/wp-content\/uploads\/IMG-20220814-WA0005.jpg 1024w, https:\/\/tacuarembo.gub.uy\/wp-content\/uploads\/IMG-20220814-WA0005-768x432.jpg 768w\" sizes=\"auto, (max-width: 1024px) 100vw, 1024px\" \/><\/a>\n\t\t\t<\/dt><\/dl><dl class='gallery-item'>\n\t\t\t<dt class='gallery-icon landscape'>\n\t\t\t\t<a href='https:\/\/tacuarembo.gub.uy\/?attachment_id=15420'><img loading=\"lazy\" decoding=\"async\" width=\"1024\" height=\"576\" src=\"https:\/\/tacuarembo.gub.uy\/wp-content\/uploads\/IMG-20220814-WA0006.jpg\" class=\"attachment-full size-full\" alt=\"\" srcset=\"https:\/\/tacuarembo.gub.uy\/wp-content\/uploads\/IMG-20220814-WA0006.jpg 1024w, https:\/\/tacuarembo.gub.uy\/wp-content\/uploads\/IMG-20220814-WA0006-768x432.jpg 768w\" sizes=\"auto, (max-width: 1024px) 100vw, 1024px\" \/><\/a>\n\t\t\t<\/dt><\/dl><dl class='gallery-item'>\n\t\t\t<dt class='gallery-icon landscape'>\n\t\t\t\t<a href='https:\/\/tacuarembo.gub.uy\/?attachment_id=15421'><img loading=\"lazy\" decoding=\"async\" width=\"1024\" height=\"576\" src=\"https:\/\/tacuarembo.gub.uy\/wp-content\/uploads\/IMG-20220814-WA0007.jpg\" class=\"attachment-full size-full\" alt=\"\" srcset=\"https:\/\/tacuarembo.gub.uy\/wp-content\/uploads\/IMG-20220814-WA0007.jpg 1024w, https:\/\/tacuarembo.gub.uy\/wp-content\/uploads\/IMG-20220814-WA0007-768x432.jpg 768w\" sizes=\"auto, (max-width: 1024px) 100vw, 1024px\" \/><\/a>\n\t\t\t<\/dt><\/dl><br style=\"clear: both\" \/><dl class='gallery-item'>\n\t\t\t<dt class='gallery-icon landscape'>\n\t\t\t\t<a href='https:\/\/tacuarembo.gub.uy\/?attachment_id=15422'><img loading=\"lazy\" decoding=\"async\" width=\"1024\" height=\"576\" src=\"https:\/\/tacuarembo.gub.uy\/wp-content\/uploads\/IMG-20220814-WA0008.jpg\" class=\"attachment-full size-full\" alt=\"\" srcset=\"https:\/\/tacuarembo.gub.uy\/wp-content\/uploads\/IMG-20220814-WA0008.jpg 1024w, https:\/\/tacuarembo.gub.uy\/wp-content\/uploads\/IMG-20220814-WA0008-768x432.jpg 768w\" sizes=\"auto, (max-width: 1024px) 100vw, 1024px\" \/><\/a>\n\t\t\t<\/dt><\/dl><dl class='gallery-item'>\n\t\t\t<dt class='gallery-icon landscape'>\n\t\t\t\t<a href='https:\/\/tacuarembo.gub.uy\/?attachment_id=15423'><img loading=\"lazy\" decoding=\"async\" width=\"1024\" height=\"576\" src=\"https:\/\/tacuarembo.gub.uy\/wp-content\/uploads\/IMG-20220814-WA0004.jpg\" class=\"attachment-full size-full\" alt=\"\" srcset=\"https:\/\/tacuarembo.gub.uy\/wp-content\/uploads\/IMG-20220814-WA0004.jpg 1024w, https:\/\/tacuarembo.gub.uy\/wp-content\/uploads\/IMG-20220814-WA0004-768x432.jpg 768w\" sizes=\"auto, (max-width: 1024px) 100vw, 1024px\" \/><\/a>\n\t\t\t<\/dt><\/dl>\n\t\t\t<br style='clear: both' \/>\n\t\t<\/div>\n","protected":false},"excerpt":{"rendered":"<p>La propuesta gastron\u00f3mica y artesanal ofici\u00f3 como un espacio para el desarrollo de artesanos, emprendedores y peque\u00f1os productores. Adem\u00e1s, permiti\u00f3 plasmar la gesti\u00f3n de la Direcci\u00f3n de Turismo de Tacuaremb\u00f3 en materia de descentralizaci\u00f3n<\/p>\n","protected":false},"author":3,"featured_media":15423,"comment_status":"open","ping_status":"open","sticky":false,"template":"","format":"standard","meta":{"_eb_attr":"","footnotes":""},"categories":[16],"tags":[],"class_list":{"0":"post-15418","1":"post","2":"type-post","3":"status-publish","4":"format-standard","5":"has-post-thumbnail","7":"category-noticias"},"_links":{"self":[{"href":"https:\/\/tacuarembo.gub.uy\/index.php?rest_route=\/wp\/v2\/posts\/15418","targetHints":{"allow":["GET"]}}],"collection":[{"href":"https:\/\/tacuarembo.gub.uy\/index.php?rest_route=\/wp\/v2\/posts"}],"about":[{"href":"https:\/\/tacuarembo.gub.uy\/index.php?rest_route=\/wp\/v2\/types\/post"}],"author":[{"embeddable":true,"href":"https:\/\/tacuarembo.gub.uy\/index.php?rest_route=\/wp\/v2\/users\/3"}],"replies":[{"embeddable":true,"href":"https:\/\/tacuarembo.gub.uy\/index.php?rest_route=%2Fwp%2Fv2%2Fcomments&post=15418"}],"version-history":[{"count":2,"href":"https:\/\/tacuarembo.gub.uy\/index.php?rest_route=\/wp\/v2\/posts\/15418\/revisions"}],"predecessor-version":[{"id":15426,"href":"https:\/\/tacuarembo.gub.uy\/index.php?rest_route=\/wp\/v2\/posts\/15418\/revisions\/15426"}],"wp:featuredmedia":[{"embeddable":true,"href":"https:\/\/tacuarembo.gub.uy\/index.php?rest_route=\/wp\/v2\/media\/15423"}],"wp:attachment":[{"href":"https:\/\/tacuarembo.gub.uy\/index.php?rest_route=%2Fwp%2Fv2%2Fmedia&parent=15418"}],"wp:term":[{"taxonomy":"category","embeddable":true,"href":"https:\/\/tacuarembo.gub.uy\/index.php?rest_route=%2Fwp%2Fv2%2Fcategories&post=15418"},{"taxonomy":"post_tag","embeddable":true,"href":"https:\/\/tacuarembo.gub.uy\/index.php?rest_route=%2Fwp%2Fv2%2Ftags&post=15418"}],"curies":[{"name":"wp","href":"https:\/\/api.w.org\/{rel}","templated":true}]}}