{"id":15379,"date":"2022-08-12T21:29:43","date_gmt":"2022-08-13T00:29:43","guid":{"rendered":"https:\/\/tacuarembo.gub.uy\/?p=15379"},"modified":"2022-08-12T21:29:43","modified_gmt":"2022-08-13T00:29:43","slug":"ezquerra-acompano-el-acto-por-el-185-aniversario-de-la-jefatura-de-policia","status":"publish","type":"post","link":"https:\/\/tacuarembo.gub.uy\/?p=15379","title":{"rendered":"Ezquerra acompa\u00f1\u00f3 el acto por el 185\u00b0 aniversario de la Jefatura de Polic\u00eda"},"content":{"rendered":"\n<p>El intendente de Tacuaremb\u00f3, Wilson Ezquerra, particip\u00f3 de la ceremonia que tuvo lugar en la Plaza 19 de Abril, junto al ministro del Interior, Luis Alberto Heber, y el jefe de Polic\u00eda, John Saravia Etcheverry.<\/p>\n\n\n\n<p>La creaci\u00f3n de la Jefatura de Polic\u00eda de Tacuaremb\u00f3 data del 14 de agosto de 1837, apenas siete a\u00f1os despu\u00e9s de la jura de la Constituci\u00f3n del Estado Oriental del Uruguay (18 de julio de 1830). Este dato \u201cdebe ser motivo de un orgullo para toda su gente porque significa un moj\u00f3n en la historia\u201d, indic\u00f3 Heber durante su discurso.<\/p>\n\n\n\n<p>El jerarca le agradeci\u00f3 especialmente a Ezquerra por el apoyo de la Intendencia a la labor policial, adem\u00e1s de asegurar que la cartera \u201ctiene nuevos desaf\u00edos por delante que requieren necesariamente de m\u00e1s apoyo para la polic\u00eda porque los funcionarios se sacrifican cada d\u00eda cuando salen a combatir el delito y tenemos que reconocer, valorar y respaldar su trabajo\u201d. En ese sentido, aludi\u00f3 al presidente de la Rep\u00fablica, Luis Lacalle Pou, y a la ministra de Econom\u00eda por \u201cdignificar el salario policial en la \u00faltima Rendici\u00f3n de Cuentas\u201d.<\/p>\n\n\n\n<p>Por su parte, Saravia indic\u00f3 que las instituciones y la comunidad local \u201cnos ayudan a creer todos los d\u00edas en ese proyecto en com\u00fan para una mejor seguridad p\u00fablica y salud\u00f3 a todos los polic\u00edas que nos comprometen y nos obligan a honrar el servicio\u201d. Desde hace 185 a\u00f1os \u201cla polic\u00eda est\u00e1 de tu lado, con la misi\u00f3n de mantener el orden p\u00fablico\u201d, afirm\u00f3.<\/p>\n\n\n\n<p>Por \u00faltimo, resalt\u00f3 que \u201ces una fecha gloriosa en la que honramos la tradici\u00f3n y el objetivo es mitigar los efectos del delito para que todos nos sintamos m\u00e1s seguros\u201d.<\/p>\n\n\n\n<p>Ezquerra acompa\u00f1\u00f3 el acto por el 185\u00b0 aniversario de la Jefatura de Polic\u00eda<\/p>\n\n\n\n<p>El intendente de Tacuaremb\u00f3, Wilson Ezquerra, particip\u00f3 de la ceremonia que tuvo lugar en la Plaza 19 de Abril, junto al ministro del Interior, Luis Alberto Heber, y el jefe de Polic\u00eda, John Saravia Etcheverry.<\/p>\n\n\n\n<p>La creaci\u00f3n de la Jefatura de Polic\u00eda de Tacuaremb\u00f3 data del 14 de agosto de 1837, apenas siete a\u00f1os despu\u00e9s de la jura de la Constituci\u00f3n del Estado Oriental del Uruguay (18 de julio de 1830). Este dato \u201cdebe ser motivo de un orgullo para toda su gente porque significa un moj\u00f3n en la historia\u201d, indic\u00f3 Heber durante su discurso.<\/p>\n\n\n\n<p>El jerarca le agradeci\u00f3 especialmente a Ezquerra por el apoyo de la Intendencia a la labor policial, adem\u00e1s de asegurar que la cartera \u201ctiene nuevos desaf\u00edos por delante que requieren necesariamente de m\u00e1s apoyo para la polic\u00eda porque los funcionarios se sacrifican cada d\u00eda cuando salen a combatir el delito y tenemos que reconocer, valorar y respaldar su trabajo\u201d. En ese sentido, aludi\u00f3 al presidente de la Rep\u00fablica, Luis Lacalle Pou, y a la ministra de Econom\u00eda por \u201cdignificar el salario policial en la \u00faltima Rendici\u00f3n de Cuentas\u201d.<\/p>\n\n\n\n<p>Por su parte, Saravia indic\u00f3 que las instituciones y la comunidad local \u201cnos ayudan a creer todos los d\u00edas en ese proyecto en com\u00fan para una mejor seguridad p\u00fablica y salud\u00f3 a todos los polic\u00edas que nos comprometen y nos obligan a honrar el servicio\u201d. Desde hace 185 a\u00f1os \u201cla polic\u00eda est\u00e1 de tu lado, con la misi\u00f3n de mantener el orden p\u00fablico\u201d, afirm\u00f3.<\/p>\n\n\n\n<p>Por \u00faltimo, resalt\u00f3 que \u201ces una fecha gloriosa en la que honramos la tradici\u00f3n y el objetivo es mitigar los efectos del delito para que todos nos sintamos m\u00e1s seguros\u201d.<\/p>\n\n\n\n\t\t<style type=\"text\/css\">\n\t\t\t#gallery-1 {\n\t\t\t\tmargin: auto;\n\t\t\t}\n\t\t\t#gallery-1 .gallery-item {\n\t\t\t\tfloat: left;\n\t\t\t\tmargin-top: 10px;\n\t\t\t\ttext-align: center;\n\t\t\t\twidth: 33%;\n\t\t\t}\n\t\t\t#gallery-1 img {\n\t\t\t\tborder: 2px solid #cfcfcf;\n\t\t\t}\n\t\t\t#gallery-1 .gallery-caption {\n\t\t\t\tmargin-left: 0;\n\t\t\t}\n\t\t\t\/* see gallery_shortcode() in wp-includes\/media.php *\/\n\t\t<\/style>\n\t\t<div id='gallery-1' class='gallery galleryid-15379 gallery-columns-3 gallery-size-thumbnail'><dl class='gallery-item'>\n\t\t\t<dt class='gallery-icon landscape'>\n\t\t\t\t<a href='https:\/\/tacuarembo.gub.uy\/?attachment_id=15380'><img loading=\"lazy\" decoding=\"async\" width=\"200\" height=\"140\" src=\"https:\/\/tacuarembo.gub.uy\/wp-content\/uploads\/IMG-20220812-WA0063-200x140.jpg\" class=\"attachment-thumbnail size-thumbnail\" alt=\"\" \/><\/a>\n\t\t\t<\/dt><\/dl><dl class='gallery-item'>\n\t\t\t<dt class='gallery-icon landscape'>\n\t\t\t\t<a href='https:\/\/tacuarembo.gub.uy\/?attachment_id=15381'><img loading=\"lazy\" decoding=\"async\" width=\"200\" height=\"140\" src=\"https:\/\/tacuarembo.gub.uy\/wp-content\/uploads\/IMG-20220812-WA0065-200x140.jpg\" class=\"attachment-thumbnail size-thumbnail\" alt=\"\" \/><\/a>\n\t\t\t<\/dt><\/dl><dl class='gallery-item'>\n\t\t\t<dt class='gallery-icon landscape'>\n\t\t\t\t<a href='https:\/\/tacuarembo.gub.uy\/?attachment_id=15382'><img loading=\"lazy\" decoding=\"async\" width=\"200\" height=\"140\" src=\"https:\/\/tacuarembo.gub.uy\/wp-content\/uploads\/IMG-20220812-WA0064-200x140.jpg\" class=\"attachment-thumbnail size-thumbnail\" alt=\"\" \/><\/a>\n\t\t\t<\/dt><\/dl><br style=\"clear: both\" \/>\n\t\t<\/div>\n","protected":false},"excerpt":{"rendered":"<p>El intendente de Tacuaremb\u00f3, Wilson Ezquerra, particip\u00f3 de la ceremonia que tuvo lugar en la Plaza 19 de Abril, junto al ministro del Interior, Luis Alberto Heber, y el jefe de Polic\u00eda, John Saravia Etcheverry<\/p>\n","protected":false},"author":3,"featured_media":15381,"comment_status":"open","ping_status":"open","sticky":false,"template":"","format":"standard","meta":{"_eb_attr":"","footnotes":""},"categories":[1],"tags":[],"class_list":{"0":"post-15379","1":"post","2":"type-post","3":"status-publish","4":"format-standard","5":"has-post-thumbnail","7":"category-sin-categoria"},"_links":{"self":[{"href":"https:\/\/tacuarembo.gub.uy\/index.php?rest_route=\/wp\/v2\/posts\/15379","targetHints":{"allow":["GET"]}}],"collection":[{"href":"https:\/\/tacuarembo.gub.uy\/index.php?rest_route=\/wp\/v2\/posts"}],"about":[{"href":"https:\/\/tacuarembo.gub.uy\/index.php?rest_route=\/wp\/v2\/types\/post"}],"author":[{"embeddable":true,"href":"https:\/\/tacuarembo.gub.uy\/index.php?rest_route=\/wp\/v2\/users\/3"}],"replies":[{"embeddable":true,"href":"https:\/\/tacuarembo.gub.uy\/index.php?rest_route=%2Fwp%2Fv2%2Fcomments&post=15379"}],"version-history":[{"count":1,"href":"https:\/\/tacuarembo.gub.uy\/index.php?rest_route=\/wp\/v2\/posts\/15379\/revisions"}],"predecessor-version":[{"id":15383,"href":"https:\/\/tacuarembo.gub.uy\/index.php?rest_route=\/wp\/v2\/posts\/15379\/revisions\/15383"}],"wp:featuredmedia":[{"embeddable":true,"href":"https:\/\/tacuarembo.gub.uy\/index.php?rest_route=\/wp\/v2\/media\/15381"}],"wp:attachment":[{"href":"https:\/\/tacuarembo.gub.uy\/index.php?rest_route=%2Fwp%2Fv2%2Fmedia&parent=15379"}],"wp:term":[{"taxonomy":"category","embeddable":true,"href":"https:\/\/tacuarembo.gub.uy\/index.php?rest_route=%2Fwp%2Fv2%2Fcategories&post=15379"},{"taxonomy":"post_tag","embeddable":true,"href":"https:\/\/tacuarembo.gub.uy\/index.php?rest_route=%2Fwp%2Fv2%2Ftags&post=15379"}],"curies":[{"name":"wp","href":"https:\/\/api.w.org\/{rel}","templated":true}]}}