{"id":15371,"date":"2022-08-12T10:11:27","date_gmt":"2022-08-12T13:11:27","guid":{"rendered":"https:\/\/tacuarembo.gub.uy\/?p=15371"},"modified":"2022-08-12T10:11:27","modified_gmt":"2022-08-12T13:11:27","slug":"integrantes-del-ballet-folklorico-aborigen-agradecieron-apoyo-de-la-intendencia-de-tacuarembo","status":"publish","type":"post","link":"https:\/\/tacuarembo.gub.uy\/?p=15371","title":{"rendered":"Integrantes del Ballet Folkl\u00f3rico Aborigen agradecieron apoyo de la Intendencia de Tacuaremb\u00f3"},"content":{"rendered":"\n<p>El grupo, que se encuentra de gira por Italia, cuenta con la participaci\u00f3n de m\u00fasicos locales. Los tacuaremboenses, integrantes del d\u00fao de viol\u00edn y acorde\u00f3n&nbsp;&nbsp;\u201cHoracio y Piero\u201d, y el guitarrista y baterista Fabricio Gonz\u00e1lez, forman parte de esta experiencia.<br>&nbsp;<br>Creado en 2017 en Canelones, el Ballet Folkl\u00f3rico Aborigen 2017 est\u00e1 integrado por m\u00fasicos de todas partes del pa\u00eds. En ese sentido, la delegaci\u00f3n uruguaya est\u00e1 compuesta por de 24 personas: 15 bailarines, seis m\u00fasicos, dos generadores de contenido fotogr\u00e1fico y audiovisual y una kinesi\u00f3loga.<br>&nbsp;<br>Fabricio Gonz\u00e1lez, oriundo de San Gregorio de Polanco, se mostr\u00f3 feliz por la oportunidad de representar a Uruguay y tambi\u00e9n a Tacuaremb\u00f3, llevando la m\u00fasica y la danza a cada rinc\u00f3n de Italia. La gira comenz\u00f3 con una presentaci\u00f3n en el Latium Festival, mientras que&nbsp;hasta el 30 de agosto continuar\u00e1n con actuaciones, talleres y jornadas de intercambio por varias ciudades.<br>&nbsp;<br>Aborigen volvi\u00f3 a viajar como grupo despu\u00e9s de tres a\u00f1os sin poder salir del pa\u00eds debido a la pandemia y cont\u00f3 con el apoyo de la Intendencia de Tacuaremb\u00f3 para llevar adelante esta rica experiencia cultural y musical.<\/p>\n\n\n<p><img loading=\"lazy\" decoding=\"async\" width=\"2048\" height=\"1366\" class=\"alignnone size-full wp-image-15372\" src=\"https:\/\/tacuarembo.gub.uy\/wp-content\/uploads\/WhatsApp-Image-2022-08-12-at-9.49.37-AM.jpeg\" alt=\"\" srcset=\"https:\/\/tacuarembo.gub.uy\/wp-content\/uploads\/WhatsApp-Image-2022-08-12-at-9.49.37-AM.jpeg 2048w, https:\/\/tacuarembo.gub.uy\/wp-content\/uploads\/WhatsApp-Image-2022-08-12-at-9.49.37-AM-768x512.jpeg 768w, https:\/\/tacuarembo.gub.uy\/wp-content\/uploads\/WhatsApp-Image-2022-08-12-at-9.49.37-AM-1536x1025.jpeg 1536w\" sizes=\"auto, (max-width: 2048px) 100vw, 2048px\" \/><\/p>","protected":false},"excerpt":{"rendered":"<p>El grupo, que se encuentra de gira por Italia, cuenta con la participaci\u00f3n de m\u00fasicos locales. Los tacuaremboenses, integrantes del d\u00fao de viol\u00edn y acorde\u00f3n\u00a0\u00a0\u201cHoracio y Piero\u201d, y el guitarrista y baterista Fabricio Gonz\u00e1lez, forman parte de esta experiencia<\/p>\n","protected":false},"author":3,"featured_media":15372,"comment_status":"open","ping_status":"open","sticky":false,"template":"","format":"standard","meta":{"_eb_attr":"","footnotes":""},"categories":[16],"tags":[],"class_list":{"0":"post-15371","1":"post","2":"type-post","3":"status-publish","4":"format-standard","5":"has-post-thumbnail","7":"category-noticias"},"_links":{"self":[{"href":"https:\/\/tacuarembo.gub.uy\/index.php?rest_route=\/wp\/v2\/posts\/15371","targetHints":{"allow":["GET"]}}],"collection":[{"href":"https:\/\/tacuarembo.gub.uy\/index.php?rest_route=\/wp\/v2\/posts"}],"about":[{"href":"https:\/\/tacuarembo.gub.uy\/index.php?rest_route=\/wp\/v2\/types\/post"}],"author":[{"embeddable":true,"href":"https:\/\/tacuarembo.gub.uy\/index.php?rest_route=\/wp\/v2\/users\/3"}],"replies":[{"embeddable":true,"href":"https:\/\/tacuarembo.gub.uy\/index.php?rest_route=%2Fwp%2Fv2%2Fcomments&post=15371"}],"version-history":[{"count":1,"href":"https:\/\/tacuarembo.gub.uy\/index.php?rest_route=\/wp\/v2\/posts\/15371\/revisions"}],"predecessor-version":[{"id":15373,"href":"https:\/\/tacuarembo.gub.uy\/index.php?rest_route=\/wp\/v2\/posts\/15371\/revisions\/15373"}],"wp:featuredmedia":[{"embeddable":true,"href":"https:\/\/tacuarembo.gub.uy\/index.php?rest_route=\/wp\/v2\/media\/15372"}],"wp:attachment":[{"href":"https:\/\/tacuarembo.gub.uy\/index.php?rest_route=%2Fwp%2Fv2%2Fmedia&parent=15371"}],"wp:term":[{"taxonomy":"category","embeddable":true,"href":"https:\/\/tacuarembo.gub.uy\/index.php?rest_route=%2Fwp%2Fv2%2Fcategories&post=15371"},{"taxonomy":"post_tag","embeddable":true,"href":"https:\/\/tacuarembo.gub.uy\/index.php?rest_route=%2Fwp%2Fv2%2Ftags&post=15371"}],"curies":[{"name":"wp","href":"https:\/\/api.w.org\/{rel}","templated":true}]}}