{"id":15150,"date":"2022-08-03T15:04:39","date_gmt":"2022-08-03T18:04:39","guid":{"rendered":"https:\/\/tacuarembo.gub.uy\/?p=15150"},"modified":"2022-08-05T09:24:21","modified_gmt":"2022-08-05T12:24:21","slug":"ezquerra-se-comprometio-a-brindar-apoyo-logistico-y-de-infraestructura-para-el-censo-2023","status":"publish","type":"post","link":"https:\/\/tacuarembo.gub.uy\/?p=15150","title":{"rendered":"Ezquerra se comprometi\u00f3 a brindar apoyo log\u00edstico y de infraestructura para el Censo 2023"},"content":{"rendered":"\n<p>La Intendencia de Tacuaremb\u00f3 y el Instituto Nacional de Estad\u00edstica (INE) brindaron detalles del Censo 2023 y dejaron instalada una Comisi\u00f3n Departamental para coordinar las acciones en el territorio.<br>&nbsp;<br>En el marco de una conferencia que tuvo lugar este mi\u00e9rcoles 3 de agosto, en la Sala de Sesiones de la Intendencia, se cont\u00f3 con la presencia de autoridades nacionales y departamentales.<br>&nbsp;<br>El intendente de Tacuaremb\u00f3, Wilson Ezquerra, agradeci\u00f3 a las autoridades presentes y reconoci\u00f3 la importancia que tiene el censo para el pa\u00eds y el departamento \u201cporque brinda la posibilidad de contar con una foto actual del territorio nacional y departamental\u201d.<br>&nbsp;<br>Por otra parte, manifest\u00f3 que \u201ces una herramienta fundamental para tomar acciones y determinaciones que hacen a la gesti\u00f3n diaria, as\u00ed como tambi\u00e9n a las proyecciones a futuro porque permitir\u00e1 obtener datos socioecon\u00f3micos de vivienda y familia que son insumos para los gobernantes y los actores sociales, culturales, de desarrollo econ\u00f3mico y de inversiones\u201d.<br>&nbsp;<br>Un censo actualizado \u201ces esencial para los gobiernos departamentales ya que los recursos que llegan desde el Fondo de Desarrollo del Interior se determinan en funci\u00f3n de la realidad de cada departamento y los coeficientes var\u00edan de acuerdo a las necesidades insatisfechas de la poblaci\u00f3n\u00bb. Adem\u00e1s,&nbsp; \u00abpermiten ser justos a la hora de determinar a d\u00f3nde llegan\u201d.<br>&nbsp;<br>Ezquerra tambi\u00e9n solicit\u00f3 la colaboraci\u00f3n de la poblaci\u00f3n para que haga su aporte mediante \u201cdatos fidedignos\u201d y remarc\u00f3 que es informaci\u00f3n privada que \u201csolo se utilizar\u00e1 con un fin estad\u00edstico\u201d.<br>&nbsp;<br>Por \u00faltimo, manifest\u00f3 la voluntad y el compromiso del gobierno departamental de colaborar con la log\u00edstica e infraestructura para llevar adelante el Censo 2023.<br>&nbsp;<br>En tanto, el director t\u00e9cnico del INE, Diego Aboal, expres\u00f3 que \u201cel censo generar\u00e1 informaci\u00f3n fundamental para el pa\u00eds y es el \u00fanico operativo que permite confeccionar estad\u00edsticas a un nivel geogr\u00e1fico peque\u00f1o\u201d. A modo de ejemplo, indic\u00f3 que \u201cbrinda detalles a nivel de una manzana como son la cantidad de personas de sexo masculino y femenino que residen en esa \u00e1rea, la edad promedio, las condiciones de las viviendas, si cuentan con saneamiento, conexi\u00f3n a UTE y OSE, y detectar situaciones de discapacidad\u201d.<br>&nbsp;<br>Se trata de \u201cdatos muy potentes para las pol\u00edticas p\u00fablicas nacionales y departamentales con un impacto real en las personas\u201d.<br>&nbsp;<br>El censo est\u00e1 planificado para los meses de abril y mayo del a\u00f1o 2023, al tiempo que el INE est\u00e1 trabajando en la instalaci\u00f3n de las comisiones departamentales de apoyo.<\/p>\n\n\n\n<p><strong>Caracter\u00edsticas<\/strong><br>&nbsp;<br>El censo contar\u00e1 con dos modalidades para proporcionar la informaci\u00f3n. Por un lado, los ciudadanos podr\u00e1n brindar los datos por una v\u00eda digital o web completando la informaci\u00f3n referente a su hogar mediante un celular, tablet o computadora. Aboal puntualiz\u00f3 que \u201cser\u00e1 la primera vez que se implemente esta herramienta en Uruguay aunque hay experiencias en otros pa\u00edses\u201d.<br>&nbsp;<br>Paralelamente, los equipos de censistas \u201crecorrer\u00e1n todos los rincones del pa\u00eds y aplicar\u00e1n el cuestionario correspondiente a las familias\u201d.<br>&nbsp;<br>Se espera contar con toda la informaci\u00f3n hacia el segundo semestre de 2023 para que est\u00e9 a disposici\u00f3n de las instituciones p\u00fablicas y privadas.<br>&nbsp;<br>El jerarca tambi\u00e9n resalt\u00f3 que \u201cse necesitar\u00e1 gente en el territorio, lo cual es un elemento muy importante y vamos a hacer llamados previos al censo para conformar los grupos de trabajadores que contar\u00e1n con requisitos b\u00e1sicos y su labor estar\u00e1 remunerada\u201d.<br>&nbsp;<br>Asimismo, \u201cen febrero del a\u00f1o que viene se har\u00e1 un censo de direcciones que refiere a la verificaci\u00f3n de la cartograf\u00eda y mapas\u201d. La tarea \u201crequerir\u00e1 la colaboraci\u00f3n de alrededor de 1000 personas en todo el pa\u00eds\u201d.<\/p>\n\n\n\n\t\t<style type=\"text\/css\">\n\t\t\t#gallery-1 {\n\t\t\t\tmargin: auto;\n\t\t\t}\n\t\t\t#gallery-1 .gallery-item {\n\t\t\t\tfloat: left;\n\t\t\t\tmargin-top: 10px;\n\t\t\t\ttext-align: center;\n\t\t\t\twidth: 33%;\n\t\t\t}\n\t\t\t#gallery-1 img {\n\t\t\t\tborder: 2px solid #cfcfcf;\n\t\t\t}\n\t\t\t#gallery-1 .gallery-caption {\n\t\t\t\tmargin-left: 0;\n\t\t\t}\n\t\t\t\/* see gallery_shortcode() in wp-includes\/media.php *\/\n\t\t<\/style>\n\t\t<div id='gallery-1' class='gallery galleryid-15150 gallery-columns-3 gallery-size-full'><dl class='gallery-item'>\n\t\t\t<dt class='gallery-icon landscape'>\n\t\t\t\t<a href='https:\/\/tacuarembo.gub.uy\/?attachment_id=15151'><img loading=\"lazy\" decoding=\"async\" width=\"1024\" height=\"768\" src=\"https:\/\/tacuarembo.gub.uy\/wp-content\/uploads\/WhatsApp-Image-2022-08-03-at-3.02.21-PM2.jpeg\" class=\"attachment-full size-full\" alt=\"\" srcset=\"https:\/\/tacuarembo.gub.uy\/wp-content\/uploads\/WhatsApp-Image-2022-08-03-at-3.02.21-PM2.jpeg 1024w, https:\/\/tacuarembo.gub.uy\/wp-content\/uploads\/WhatsApp-Image-2022-08-03-at-3.02.21-PM2-768x576.jpeg 768w\" sizes=\"auto, (max-width: 1024px) 100vw, 1024px\" \/><\/a>\n\t\t\t<\/dt><\/dl><dl class='gallery-item'>\n\t\t\t<dt class='gallery-icon landscape'>\n\t\t\t\t<a href='https:\/\/tacuarembo.gub.uy\/?attachment_id=15152'><img loading=\"lazy\" decoding=\"async\" width=\"1024\" height=\"768\" src=\"https:\/\/tacuarembo.gub.uy\/wp-content\/uploads\/WhatsApp-Image-2022-08-03-at-3.02.21-PM1.jpeg\" class=\"attachment-full size-full\" alt=\"\" srcset=\"https:\/\/tacuarembo.gub.uy\/wp-content\/uploads\/WhatsApp-Image-2022-08-03-at-3.02.21-PM1.jpeg 1024w, https:\/\/tacuarembo.gub.uy\/wp-content\/uploads\/WhatsApp-Image-2022-08-03-at-3.02.21-PM1-768x576.jpeg 768w\" sizes=\"auto, (max-width: 1024px) 100vw, 1024px\" \/><\/a>\n\t\t\t<\/dt><\/dl><dl class='gallery-item'>\n\t\t\t<dt class='gallery-icon landscape'>\n\t\t\t\t<a href='https:\/\/tacuarembo.gub.uy\/?attachment_id=15153'><img loading=\"lazy\" decoding=\"async\" width=\"1024\" height=\"768\" src=\"https:\/\/tacuarembo.gub.uy\/wp-content\/uploads\/WhatsApp-Image-2022-08-03-at-3.02.21-PM.jpeg\" class=\"attachment-full size-full\" alt=\"\" srcset=\"https:\/\/tacuarembo.gub.uy\/wp-content\/uploads\/WhatsApp-Image-2022-08-03-at-3.02.21-PM.jpeg 1024w, https:\/\/tacuarembo.gub.uy\/wp-content\/uploads\/WhatsApp-Image-2022-08-03-at-3.02.21-PM-768x576.jpeg 768w\" sizes=\"auto, (max-width: 1024px) 100vw, 1024px\" \/><\/a>\n\t\t\t<\/dt><\/dl><br style=\"clear: both\" \/><dl class='gallery-item'>\n\t\t\t<dt class='gallery-icon landscape'>\n\t\t\t\t<a href='https:\/\/tacuarembo.gub.uy\/?attachment_id=15154'><img loading=\"lazy\" decoding=\"async\" width=\"1024\" height=\"556\" src=\"https:\/\/tacuarembo.gub.uy\/wp-content\/uploads\/WhatsApp-Image-2022-08-03-at-3.02.20-PM.jpeg\" class=\"attachment-full size-full\" alt=\"\" srcset=\"https:\/\/tacuarembo.gub.uy\/wp-content\/uploads\/WhatsApp-Image-2022-08-03-at-3.02.20-PM.jpeg 1024w, https:\/\/tacuarembo.gub.uy\/wp-content\/uploads\/WhatsApp-Image-2022-08-03-at-3.02.20-PM-768x417.jpeg 768w\" sizes=\"auto, (max-width: 1024px) 100vw, 1024px\" \/><\/a>\n\t\t\t<\/dt><\/dl>\n\t\t\t<br style='clear: both' \/>\n\t\t<\/div>\n\n\n\n<iframe loading=\"lazy\" width=\"882\" height=\"496\" src=\"https:\/\/www.youtube.com\/embed\/58b-F1dcaEk\" title=\"1- Censo 2023 - Comisi\u00f3n Tacuaremb\u00f3\" frameborder=\"0\" allow=\"accelerometer; autoplay; clipboard-write; encrypted-media; gyroscope; picture-in-picture\" allowfullscreen><\/iframe>\n\n\n\n<iframe loading=\"lazy\" width=\"882\" height=\"496\" src=\"https:\/\/www.youtube.com\/embed\/sPL1THoOnzk\" title=\"Diego Aboal Director INE - Censo 2023 - Comisi\u00f3n Tacuaremb\u00f3\" frameborder=\"0\" allow=\"accelerometer; autoplay; clipboard-write; encrypted-media; gyroscope; picture-in-picture\" allowfullscreen><\/iframe>\n","protected":false},"excerpt":{"rendered":"<p>La Intendencia de Tacuaremb\u00f3 y el Instituto Nacional de Estad\u00edstica (INE) brindaron detalles del Censo 2023 y dejaron instalada una Comisi\u00f3n Departamental para coordinar las acciones en el territorio<\/p>\n","protected":false},"author":3,"featured_media":15154,"comment_status":"open","ping_status":"open","sticky":false,"template":"","format":"standard","meta":{"_eb_attr":"","footnotes":""},"categories":[16],"tags":[],"class_list":{"0":"post-15150","1":"post","2":"type-post","3":"status-publish","4":"format-standard","5":"has-post-thumbnail","7":"category-noticias"},"_links":{"self":[{"href":"https:\/\/tacuarembo.gub.uy\/index.php?rest_route=\/wp\/v2\/posts\/15150","targetHints":{"allow":["GET"]}}],"collection":[{"href":"https:\/\/tacuarembo.gub.uy\/index.php?rest_route=\/wp\/v2\/posts"}],"about":[{"href":"https:\/\/tacuarembo.gub.uy\/index.php?rest_route=\/wp\/v2\/types\/post"}],"author":[{"embeddable":true,"href":"https:\/\/tacuarembo.gub.uy\/index.php?rest_route=\/wp\/v2\/users\/3"}],"replies":[{"embeddable":true,"href":"https:\/\/tacuarembo.gub.uy\/index.php?rest_route=%2Fwp%2Fv2%2Fcomments&post=15150"}],"version-history":[{"count":2,"href":"https:\/\/tacuarembo.gub.uy\/index.php?rest_route=\/wp\/v2\/posts\/15150\/revisions"}],"predecessor-version":[{"id":15200,"href":"https:\/\/tacuarembo.gub.uy\/index.php?rest_route=\/wp\/v2\/posts\/15150\/revisions\/15200"}],"wp:featuredmedia":[{"embeddable":true,"href":"https:\/\/tacuarembo.gub.uy\/index.php?rest_route=\/wp\/v2\/media\/15154"}],"wp:attachment":[{"href":"https:\/\/tacuarembo.gub.uy\/index.php?rest_route=%2Fwp%2Fv2%2Fmedia&parent=15150"}],"wp:term":[{"taxonomy":"category","embeddable":true,"href":"https:\/\/tacuarembo.gub.uy\/index.php?rest_route=%2Fwp%2Fv2%2Fcategories&post=15150"},{"taxonomy":"post_tag","embeddable":true,"href":"https:\/\/tacuarembo.gub.uy\/index.php?rest_route=%2Fwp%2Fv2%2Ftags&post=15150"}],"curies":[{"name":"wp","href":"https:\/\/api.w.org\/{rel}","templated":true}]}}