{"id":15135,"date":"2022-08-03T10:56:51","date_gmt":"2022-08-03T13:56:51","guid":{"rendered":"https:\/\/tacuarembo.gub.uy\/?p=15135"},"modified":"2022-08-05T09:44:57","modified_gmt":"2022-08-05T12:44:57","slug":"plantacion-de-arboles-en-la-laguna-de-las-lavanderas-culminaria-a-fines-de-agosto","status":"publish","type":"post","link":"https:\/\/tacuarembo.gub.uy\/?p=15135","title":{"rendered":"Plantaci\u00f3n de \u00e1rboles en la Laguna de las Lavanderas culminar\u00eda a fines de agosto"},"content":{"rendered":"\n<p>El director general de Servicios Departamentales, Martin Saralegui, explic\u00f3 que las tareas se vieron retrasadas por las inclemencias del tiempo. Sin embargo, se mostr\u00f3 optimista con la innovadora reforestaci\u00f3n de este espacio p\u00fablico que pr\u00f3ximamente podr\u00e1 ser disfrutado por la poblaci\u00f3n.<\/p>\n\n\n\n<p>En ese sentido, a\u00f1adi\u00f3 que mediante el aporte de los funcionarios municipales ya se ejecut\u00f3 la plantaci\u00f3n de lapachos rosados y liquid\u00e1mbar, y ahora se aguarda por el ingreso de la m\u00e1quina necesaria para culminar con el resto de los trabajos. El clima \u201cno nos permite contar con las condiciones adecuadas del terreno para ingresar este tipo de maquinaria, y ese factor complic\u00f3 el cumplimiento del cronograma previsto\u201d, remarc\u00f3.<\/p>\n\n\n\n<p>Adem\u00e1s, record\u00f3 que tambi\u00e9n se colocaron cipr\u00e9s calvo, pl\u00e1tanos, robles y ejemplares de ibirapit\u00e1.<\/p>\n\n\n\n<p>Saralegui tambi\u00e9n detall\u00f3 que se podr\u00e1 avanzar en funci\u00f3n del ingreso de la m\u00e1quina -que est\u00e1 previsto para el pr\u00f3ximo lunes-. Es un veh\u00edculo que cuenta con \u201ccuatro cuchillas y tiene la capacidad de extraer el \u00e1rbol; descargarlo y enterrarlo en el predio\u201d. Respecto a la operativa, indic\u00f3 que \u201cse pueden plantar aproximadamente cuatro \u00e1rboles por d\u00eda y se prev\u00e9 colocar un total de 40 ejemplares\u201d.<\/p>\n\n\n\n<p>Por otra parte, record\u00f3 que las tareas comenzaron en mayo y consistieron en \u201cdespejar los \u00e1rboles que ya no ten\u00edan vida \u00fatil, se retiraron las ra\u00edces, adem\u00e1s de emparejar y limpiar el terreno que ya est\u00e1 en condiciones para el plantado de especies\u201d. Posteriormente, \u201cse traer\u00e1 tierra del Parque Oribe con el objetivo de colocarla en todo el predio\u201d.<\/p>\n\n\n\n<p>Asimismo, \u201cjunto con la gente de Obras vamos a empezar con la limpieza del espejo de agua y esperemos tener todo listo para finales del mes de agosto, y que la gente lo puede disfrutar\u201d.<\/p>\n\n\n\n\t\t<style type=\"text\/css\">\n\t\t\t#gallery-1 {\n\t\t\t\tmargin: auto;\n\t\t\t}\n\t\t\t#gallery-1 .gallery-item {\n\t\t\t\tfloat: left;\n\t\t\t\tmargin-top: 10px;\n\t\t\t\ttext-align: center;\n\t\t\t\twidth: 33%;\n\t\t\t}\n\t\t\t#gallery-1 img {\n\t\t\t\tborder: 2px solid #cfcfcf;\n\t\t\t}\n\t\t\t#gallery-1 .gallery-caption {\n\t\t\t\tmargin-left: 0;\n\t\t\t}\n\t\t\t\/* see gallery_shortcode() in wp-includes\/media.php *\/\n\t\t<\/style>\n\t\t<div id='gallery-1' class='gallery galleryid-15135 gallery-columns-3 gallery-size-large'><dl class='gallery-item'>\n\t\t\t<dt class='gallery-icon landscape'>\n\t\t\t\t<a href='https:\/\/tacuarembo.gub.uy\/?attachment_id=15136'><img loading=\"lazy\" decoding=\"async\" width=\"800\" height=\"420\" src=\"https:\/\/tacuarembo.gub.uy\/wp-content\/uploads\/WhatsApp-Image-2022-08-03-at-10.49.57-AM-800x420.jpeg\" class=\"attachment-large size-large\" alt=\"\" \/><\/a>\n\t\t\t<\/dt><\/dl><dl class='gallery-item'>\n\t\t\t<dt class='gallery-icon landscape'>\n\t\t\t\t<a href='https:\/\/tacuarembo.gub.uy\/?attachment_id=15137'><img loading=\"lazy\" decoding=\"async\" width=\"800\" height=\"420\" src=\"https:\/\/tacuarembo.gub.uy\/wp-content\/uploads\/WhatsApp-Image-2022-08-03-at-10.49.56-AM-800x420.jpeg\" class=\"attachment-large size-large\" alt=\"\" \/><\/a>\n\t\t\t<\/dt><\/dl><dl class='gallery-item'>\n\t\t\t<dt class='gallery-icon landscape'>\n\t\t\t\t<a href='https:\/\/tacuarembo.gub.uy\/?attachment_id=15138'><img loading=\"lazy\" decoding=\"async\" width=\"800\" height=\"420\" src=\"https:\/\/tacuarembo.gub.uy\/wp-content\/uploads\/WhatsApp-Image-2022-08-03-at-10.49.55-AM2-800x420.jpeg\" class=\"attachment-large size-large\" alt=\"\" \/><\/a>\n\t\t\t<\/dt><\/dl><br style=\"clear: both\" \/><dl class='gallery-item'>\n\t\t\t<dt class='gallery-icon landscape'>\n\t\t\t\t<a href='https:\/\/tacuarembo.gub.uy\/?attachment_id=15139'><img loading=\"lazy\" decoding=\"async\" width=\"800\" height=\"420\" src=\"https:\/\/tacuarembo.gub.uy\/wp-content\/uploads\/WhatsApp-Image-2022-08-03-at-10.49.55-AM1-800x420.jpeg\" class=\"attachment-large size-large\" alt=\"\" \/><\/a>\n\t\t\t<\/dt><\/dl><dl class='gallery-item'>\n\t\t\t<dt class='gallery-icon landscape'>\n\t\t\t\t<a href='https:\/\/tacuarembo.gub.uy\/?attachment_id=15140'><img loading=\"lazy\" decoding=\"async\" width=\"800\" height=\"420\" src=\"https:\/\/tacuarembo.gub.uy\/wp-content\/uploads\/WhatsApp-Image-2022-08-03-at-10.49.55-AM-800x420.jpeg\" class=\"attachment-large size-large\" alt=\"\" \/><\/a>\n\t\t\t<\/dt><\/dl>\n\t\t\t<br style='clear: both' \/>\n\t\t<\/div>\n","protected":false},"excerpt":{"rendered":"<p>El director general de Servicios Departamentales, Martin Saralegui, explic\u00f3 que las tareas se vieron retrasadas por las inclemencias del tiempo. Sin embargo, se mostr\u00f3 optimista con la innovadora reforestaci\u00f3n de este espacio p\u00fablico que pr\u00f3ximamente podr\u00e1 ser disfrutado por la poblaci\u00f3n.<\/p>\n","protected":false},"author":3,"featured_media":15136,"comment_status":"open","ping_status":"open","sticky":false,"template":"","format":"standard","meta":{"_eb_attr":"","footnotes":""},"categories":[29,16,23],"tags":[],"class_list":{"0":"post-15135","1":"post","2":"type-post","3":"status-publish","4":"format-standard","5":"has-post-thumbnail","7":"category-medio-ambiente","8":"category-noticias","9":"category-obras-en-construccion"},"_links":{"self":[{"href":"https:\/\/tacuarembo.gub.uy\/index.php?rest_route=\/wp\/v2\/posts\/15135","targetHints":{"allow":["GET"]}}],"collection":[{"href":"https:\/\/tacuarembo.gub.uy\/index.php?rest_route=\/wp\/v2\/posts"}],"about":[{"href":"https:\/\/tacuarembo.gub.uy\/index.php?rest_route=\/wp\/v2\/types\/post"}],"author":[{"embeddable":true,"href":"https:\/\/tacuarembo.gub.uy\/index.php?rest_route=\/wp\/v2\/users\/3"}],"replies":[{"embeddable":true,"href":"https:\/\/tacuarembo.gub.uy\/index.php?rest_route=%2Fwp%2Fv2%2Fcomments&post=15135"}],"version-history":[{"count":1,"href":"https:\/\/tacuarembo.gub.uy\/index.php?rest_route=\/wp\/v2\/posts\/15135\/revisions"}],"predecessor-version":[{"id":15141,"href":"https:\/\/tacuarembo.gub.uy\/index.php?rest_route=\/wp\/v2\/posts\/15135\/revisions\/15141"}],"wp:featuredmedia":[{"embeddable":true,"href":"https:\/\/tacuarembo.gub.uy\/index.php?rest_route=\/wp\/v2\/media\/15136"}],"wp:attachment":[{"href":"https:\/\/tacuarembo.gub.uy\/index.php?rest_route=%2Fwp%2Fv2%2Fmedia&parent=15135"}],"wp:term":[{"taxonomy":"category","embeddable":true,"href":"https:\/\/tacuarembo.gub.uy\/index.php?rest_route=%2Fwp%2Fv2%2Fcategories&post=15135"},{"taxonomy":"post_tag","embeddable":true,"href":"https:\/\/tacuarembo.gub.uy\/index.php?rest_route=%2Fwp%2Fv2%2Ftags&post=15135"}],"curies":[{"name":"wp","href":"https:\/\/api.w.org\/{rel}","templated":true}]}}