{"id":14908,"date":"2022-07-12T17:55:21","date_gmt":"2022-07-12T20:55:21","guid":{"rendered":"https:\/\/tacuarembo.gub.uy\/?p=14908"},"modified":"2022-07-12T17:55:21","modified_gmt":"2022-07-12T20:55:21","slug":"desfile-de-llamadas-en-el-mes-de-la-afrodescendencia","status":"publish","type":"post","link":"https:\/\/tacuarembo.gub.uy\/?p=14908","title":{"rendered":"Desfile de Llamadas en el mes de la Afrodescendencia"},"content":{"rendered":"\n<p>En el marco del denominado Julio \u201cMes de la Afrodescendencia\u201d, este domingo 17 de julio desde la hora 15:00, la Intendencia a trav\u00e9s de las Direcciones de Cultura, Desarrollo Social y Juventud organizan junto a Inmujeres de Mides y la Uni\u00f3n Candombera de Tacuaremb\u00f3, un Desfile de Llamadas con diferentes comparsas que realizar\u00e1n su despliegue por calle Ituzaing\u00f3 desde Gral. Flores hasta la Rambla Sur. Este ser\u00e1 el comienzo de un variado programa que se estar\u00e1 cumpliento en nuestra ciudad.<\/p>\n","protected":false},"excerpt":{"rendered":"<p>En el marco del denominado Julio \u201cMes de la Afrodescendencia\u201d, este domingo 17 de julio desde la hora 15:00, la Intendencia a trav\u00e9s de las Direcciones de Cultura, Desarrollo Social y Juventud organizan junto a Inmujeres de Mides y la Uni\u00f3n Candombera de Tacuaremb\u00f3, un Desfile de Llamadas<\/p>\n","protected":false},"author":3,"featured_media":14909,"comment_status":"open","ping_status":"open","sticky":false,"template":"","format":"standard","meta":{"_eb_attr":"","footnotes":""},"categories":[18,19,32,16],"tags":[],"class_list":{"0":"post-14908","1":"post","2":"type-post","3":"status-publish","4":"format-standard","5":"has-post-thumbnail","7":"category-cultura","8":"category-didesol","9":"category-juventud","10":"category-noticias"},"_links":{"self":[{"href":"https:\/\/tacuarembo.gub.uy\/index.php?rest_route=\/wp\/v2\/posts\/14908","targetHints":{"allow":["GET"]}}],"collection":[{"href":"https:\/\/tacuarembo.gub.uy\/index.php?rest_route=\/wp\/v2\/posts"}],"about":[{"href":"https:\/\/tacuarembo.gub.uy\/index.php?rest_route=\/wp\/v2\/types\/post"}],"author":[{"embeddable":true,"href":"https:\/\/tacuarembo.gub.uy\/index.php?rest_route=\/wp\/v2\/users\/3"}],"replies":[{"embeddable":true,"href":"https:\/\/tacuarembo.gub.uy\/index.php?rest_route=%2Fwp%2Fv2%2Fcomments&post=14908"}],"version-history":[{"count":1,"href":"https:\/\/tacuarembo.gub.uy\/index.php?rest_route=\/wp\/v2\/posts\/14908\/revisions"}],"predecessor-version":[{"id":14910,"href":"https:\/\/tacuarembo.gub.uy\/index.php?rest_route=\/wp\/v2\/posts\/14908\/revisions\/14910"}],"wp:featuredmedia":[{"embeddable":true,"href":"https:\/\/tacuarembo.gub.uy\/index.php?rest_route=\/wp\/v2\/media\/14909"}],"wp:attachment":[{"href":"https:\/\/tacuarembo.gub.uy\/index.php?rest_route=%2Fwp%2Fv2%2Fmedia&parent=14908"}],"wp:term":[{"taxonomy":"category","embeddable":true,"href":"https:\/\/tacuarembo.gub.uy\/index.php?rest_route=%2Fwp%2Fv2%2Fcategories&post=14908"},{"taxonomy":"post_tag","embeddable":true,"href":"https:\/\/tacuarembo.gub.uy\/index.php?rest_route=%2Fwp%2Fv2%2Ftags&post=14908"}],"curies":[{"name":"wp","href":"https:\/\/api.w.org\/{rel}","templated":true}]}}