{"id":13337,"date":"2021-12-13T19:15:28","date_gmt":"2021-12-13T22:15:28","guid":{"rendered":"https:\/\/tacuarembo.gub.uy\/?p=13337"},"modified":"2021-12-13T19:19:19","modified_gmt":"2021-12-13T22:19:19","slug":"museos-en-la-noche-arte-danza-y-musica-en-vivo-frente-al-teatro-escayola","status":"publish","type":"post","link":"https:\/\/tacuarembo.gub.uy\/?p=13337","title":{"rendered":"Museos en la Noche \u201cArte, Danza y M\u00fasica en vivo\u201d frente al Teatro Escayola"},"content":{"rendered":"\n<p>En la sede del MUART se desarroll\u00f3 la actividad central de esta propuesta que tiene un car\u00e1cter nacional y que desde la Intendencia de Tacuaremb\u00f3 se acompa\u00f1a todos los a\u00f1os motivando a los tacuaremboenses a descubrir nuestros museos, por esta raz\u00f3n tanto las propuestas de Geociencias, del Indio y Artes Pl\u00e1sticas abrieron sus puertas el viernes 10 a la noche de 19 a 23 horas y acompa\u00f1ando esta movida cultural en su d\u00eda aniversario tambi\u00e9n el s\u00e1bado 11, el museo Carlos Gardel abri\u00f3 sus puertas como es caracter\u00edstico los fines de semana con entrada libre.<br>Una veintena de artistas pintaron a cielo abierto ante la atenta mirada del p\u00fablico y se cont\u00f3 adem\u00e1s con los espect\u00e1culos de la banda de Jazz, Mixolidia, el coro Carlos Gardel de la Casa de la Cultura y el grupo Pasi\u00f3n de Tango entre otros artistas que se sumaron como tambi\u00e9n fue la presencia de los ni\u00f1os de la Escuela de Expresi\u00f3n Art\u00edstica de Tacuaremb\u00f3.<br>Museos en la Noche sigue siendo un cl\u00e1sico todos los a\u00f1os y despierta el inter\u00e9s de mucha gente que se acerca a conocer y tomar contacto con el acervo cultural del departamento.<\/p>\n\n\n\n\t\t<style type=\"text\/css\">\n\t\t\t#gallery-1 {\n\t\t\t\tmargin: auto;\n\t\t\t}\n\t\t\t#gallery-1 .gallery-item {\n\t\t\t\tfloat: left;\n\t\t\t\tmargin-top: 10px;\n\t\t\t\ttext-align: center;\n\t\t\t\twidth: 33%;\n\t\t\t}\n\t\t\t#gallery-1 img {\n\t\t\t\tborder: 2px solid #cfcfcf;\n\t\t\t}\n\t\t\t#gallery-1 .gallery-caption {\n\t\t\t\tmargin-left: 0;\n\t\t\t}\n\t\t\t\/* see gallery_shortcode() in wp-includes\/media.php *\/\n\t\t<\/style>\n\t\t<div id='gallery-1' class='gallery galleryid-13337 gallery-columns-3 gallery-size-full'><dl class='gallery-item'>\n\t\t\t<dt class='gallery-icon landscape'>\n\t\t\t\t<a href='https:\/\/tacuarembo.gub.uy\/?attachment_id=13338'><img loading=\"lazy\" decoding=\"async\" width=\"2048\" height=\"1536\" src=\"https:\/\/tacuarembo.gub.uy\/wp-content\/uploads\/WhatsApp-Image-2021-12-13-at-5.22.05-PM.jpeg\" class=\"attachment-full size-full\" alt=\"\" srcset=\"https:\/\/tacuarembo.gub.uy\/wp-content\/uploads\/WhatsApp-Image-2021-12-13-at-5.22.05-PM.jpeg 2048w, https:\/\/tacuarembo.gub.uy\/wp-content\/uploads\/WhatsApp-Image-2021-12-13-at-5.22.05-PM-768x576.jpeg 768w, https:\/\/tacuarembo.gub.uy\/wp-content\/uploads\/WhatsApp-Image-2021-12-13-at-5.22.05-PM-1536x1152.jpeg 1536w\" sizes=\"auto, (max-width: 2048px) 100vw, 2048px\" \/><\/a>\n\t\t\t<\/dt><\/dl><dl class='gallery-item'>\n\t\t\t<dt class='gallery-icon landscape'>\n\t\t\t\t<a href='https:\/\/tacuarembo.gub.uy\/?attachment_id=13339'><img loading=\"lazy\" decoding=\"async\" width=\"1600\" height=\"1200\" src=\"https:\/\/tacuarembo.gub.uy\/wp-content\/uploads\/WhatsApp-Image-2021-12-13-at-5.22.03-PM1.jpeg\" class=\"attachment-full size-full\" alt=\"\" srcset=\"https:\/\/tacuarembo.gub.uy\/wp-content\/uploads\/WhatsApp-Image-2021-12-13-at-5.22.03-PM1.jpeg 1600w, https:\/\/tacuarembo.gub.uy\/wp-content\/uploads\/WhatsApp-Image-2021-12-13-at-5.22.03-PM1-768x576.jpeg 768w, https:\/\/tacuarembo.gub.uy\/wp-content\/uploads\/WhatsApp-Image-2021-12-13-at-5.22.03-PM1-1536x1152.jpeg 1536w\" sizes=\"auto, (max-width: 1600px) 100vw, 1600px\" \/><\/a>\n\t\t\t<\/dt><\/dl><dl class='gallery-item'>\n\t\t\t<dt class='gallery-icon portrait'>\n\t\t\t\t<a href='https:\/\/tacuarembo.gub.uy\/?attachment_id=13340'><img loading=\"lazy\" decoding=\"async\" width=\"1118\" height=\"1600\" src=\"https:\/\/tacuarembo.gub.uy\/wp-content\/uploads\/WhatsApp-Image-2021-12-13-at-5.22.03-PM.jpeg\" class=\"attachment-full size-full\" alt=\"\" srcset=\"https:\/\/tacuarembo.gub.uy\/wp-content\/uploads\/WhatsApp-Image-2021-12-13-at-5.22.03-PM.jpeg 1118w, https:\/\/tacuarembo.gub.uy\/wp-content\/uploads\/WhatsApp-Image-2021-12-13-at-5.22.03-PM-768x1099.jpeg 768w, https:\/\/tacuarembo.gub.uy\/wp-content\/uploads\/WhatsApp-Image-2021-12-13-at-5.22.03-PM-1073x1536.jpeg 1073w\" sizes=\"auto, (max-width: 1118px) 100vw, 1118px\" \/><\/a>\n\t\t\t<\/dt><\/dl><br style=\"clear: both\" \/>\n\t\t<\/div>\n\n\n\n<iframe loading=\"lazy\" width=\"882\" height=\"496\" src=\"https:\/\/www.youtube.com\/embed\/m3ocoq0rAFo\" title=\"YouTube video player\" frameborder=\"0\" allow=\"accelerometer; autoplay; clipboard-write; encrypted-media; gyroscope; picture-in-picture\" allowfullscreen><\/iframe>\n\n\n\n<iframe loading=\"lazy\" width=\"882\" height=\"496\" src=\"https:\/\/www.youtube.com\/embed\/nkoRMvhlGVI\" title=\"YouTube video player\" frameborder=\"0\" allow=\"accelerometer; autoplay; clipboard-write; encrypted-media; gyroscope; picture-in-picture\" allowfullscreen><\/iframe>\n","protected":false},"excerpt":{"rendered":"<p>En la sede del MUART se desarroll\u00f3 la actividad central de esta propuesta que tiene un car\u00e1cter nacional y que desde la Intendencia de Tacuaremb\u00f3 se acompa\u00f1a todos los a\u00f1os motivando a los tacuaremboenses a descubrir nuestros museos<\/p>\n","protected":false},"author":3,"featured_media":13338,"comment_status":"open","ping_status":"open","sticky":false,"template":"","format":"standard","meta":{"_eb_attr":"","footnotes":""},"categories":[16],"tags":[],"class_list":{"0":"post-13337","1":"post","2":"type-post","3":"status-publish","4":"format-standard","5":"has-post-thumbnail","7":"category-noticias"},"_links":{"self":[{"href":"https:\/\/tacuarembo.gub.uy\/index.php?rest_route=\/wp\/v2\/posts\/13337","targetHints":{"allow":["GET"]}}],"collection":[{"href":"https:\/\/tacuarembo.gub.uy\/index.php?rest_route=\/wp\/v2\/posts"}],"about":[{"href":"https:\/\/tacuarembo.gub.uy\/index.php?rest_route=\/wp\/v2\/types\/post"}],"author":[{"embeddable":true,"href":"https:\/\/tacuarembo.gub.uy\/index.php?rest_route=\/wp\/v2\/users\/3"}],"replies":[{"embeddable":true,"href":"https:\/\/tacuarembo.gub.uy\/index.php?rest_route=%2Fwp%2Fv2%2Fcomments&post=13337"}],"version-history":[{"count":3,"href":"https:\/\/tacuarembo.gub.uy\/index.php?rest_route=\/wp\/v2\/posts\/13337\/revisions"}],"predecessor-version":[{"id":13345,"href":"https:\/\/tacuarembo.gub.uy\/index.php?rest_route=\/wp\/v2\/posts\/13337\/revisions\/13345"}],"wp:featuredmedia":[{"embeddable":true,"href":"https:\/\/tacuarembo.gub.uy\/index.php?rest_route=\/wp\/v2\/media\/13338"}],"wp:attachment":[{"href":"https:\/\/tacuarembo.gub.uy\/index.php?rest_route=%2Fwp%2Fv2%2Fmedia&parent=13337"}],"wp:term":[{"taxonomy":"category","embeddable":true,"href":"https:\/\/tacuarembo.gub.uy\/index.php?rest_route=%2Fwp%2Fv2%2Fcategories&post=13337"},{"taxonomy":"post_tag","embeddable":true,"href":"https:\/\/tacuarembo.gub.uy\/index.php?rest_route=%2Fwp%2Fv2%2Ftags&post=13337"}],"curies":[{"name":"wp","href":"https:\/\/api.w.org\/{rel}","templated":true}]}}