{"id":12989,"date":"2021-10-28T16:45:40","date_gmt":"2021-10-28T19:45:40","guid":{"rendered":"https:\/\/tacuarembo.gub.uy\/?p=12989"},"modified":"2021-10-28T16:45:40","modified_gmt":"2021-10-28T19:45:40","slug":"quedo-inaugurado-el-centro-pyme-paso-de-los-toros","status":"publish","type":"post","link":"https:\/\/tacuarembo.gub.uy\/?p=12989","title":{"rendered":"Qued\u00f3 inaugurado el Centro Pyme Paso de los Toros"},"content":{"rendered":"\r\n<p>En presencia del Subsecretario del Ministerio de Industria, Energ\u00eda y Miner\u00eda Walter Verri; el Director de la Oficina de Planeamiento y Presupuesto, Ec. Isaac Alfie; el Intendente Departamental de Tacuaremb\u00f3, Wilson Ezquerra; el alcalde de Paso de los Toros, Sr. Luis Irigoin; la Presidenta de ANDE, Ec. Carmen S\u00e1nchez; y la Vicepresidenta del Centro Comercial e Industrial de Durazno, Dra Ana Hunter, se procedi\u00f3 a la inauguraci\u00f3n del Centro Pyme de Paso de los Toros.<br>Durante el lanzamiento se realiz\u00f3 la parte oratoria por parte de las autoridades, quienes contaron detalles de este Programa y la relevancia que tiene tanto a nivel nacional como en nuestra ciudad. Posteriormente se dio paso al corte de cinta y una vez inaugurado oficialmente el local las autoridades realizaron una recorrida por su interior resaltando la bondad y comodidad de sus instalaciones.<br>Los Centros Pymes son una iniciativa que busca llegar a todo el territorio uruguayo con herramientas disponibles para fomentar la productividad de las mipymes del pa\u00eds.<br>Este ser\u00e1 un espacio donde empresas y emprendimientos podr\u00e1n acceder a diversos servicios y apoyo profesional, con el objetivo de fortalecer capacidades para que tenga impacto directo sobre el crecimiento de su negocio.<br>El proyecto Centro Pyme para la regi\u00f3n Durazno \u2013 Paso de los Toros se encuentra en el marco del acuerdo realizado entre ANDE y el Fondo de Inversi\u00f3n Sectorial (FIS) integrado por OPP, MIEM y UPM para el financiamiento de un proyecto de desarrollo empresarial para la regi\u00f3n.<\/p>\r\n\r\n\r\n\n\t\t<style type=\"text\/css\">\n\t\t\t#gallery-1 {\n\t\t\t\tmargin: auto;\n\t\t\t}\n\t\t\t#gallery-1 .gallery-item {\n\t\t\t\tfloat: left;\n\t\t\t\tmargin-top: 10px;\n\t\t\t\ttext-align: center;\n\t\t\t\twidth: 33%;\n\t\t\t}\n\t\t\t#gallery-1 img {\n\t\t\t\tborder: 2px solid #cfcfcf;\n\t\t\t}\n\t\t\t#gallery-1 .gallery-caption {\n\t\t\t\tmargin-left: 0;\n\t\t\t}\n\t\t\t\/* see gallery_shortcode() in wp-includes\/media.php *\/\n\t\t<\/style>\n\t\t<div id='gallery-1' class='gallery galleryid-12989 gallery-columns-3 gallery-size-full'><dl class='gallery-item'>\n\t\t\t<dt class='gallery-icon landscape'>\n\t\t\t\t<a href='https:\/\/tacuarembo.gub.uy\/?attachment_id=12990'><img loading=\"lazy\" decoding=\"async\" width=\"2048\" height=\"1536\" src=\"https:\/\/tacuarembo.gub.uy\/wp-content\/uploads\/WhatsApp-Image-2021-10-28-at-16.39.17.jpeg\" class=\"attachment-full size-full\" alt=\"\" srcset=\"https:\/\/tacuarembo.gub.uy\/wp-content\/uploads\/WhatsApp-Image-2021-10-28-at-16.39.17.jpeg 2048w, https:\/\/tacuarembo.gub.uy\/wp-content\/uploads\/WhatsApp-Image-2021-10-28-at-16.39.17-768x576.jpeg 768w, https:\/\/tacuarembo.gub.uy\/wp-content\/uploads\/WhatsApp-Image-2021-10-28-at-16.39.17-1536x1152.jpeg 1536w\" sizes=\"auto, (max-width: 2048px) 100vw, 2048px\" \/><\/a>\n\t\t\t<\/dt><\/dl><dl class='gallery-item'>\n\t\t\t<dt class='gallery-icon landscape'>\n\t\t\t\t<a href='https:\/\/tacuarembo.gub.uy\/?attachment_id=12991'><img loading=\"lazy\" decoding=\"async\" width=\"2048\" height=\"1536\" src=\"https:\/\/tacuarembo.gub.uy\/wp-content\/uploads\/WhatsApp-Image-2021-10-28-at-16.39.35.jpeg\" class=\"attachment-full size-full\" alt=\"\" srcset=\"https:\/\/tacuarembo.gub.uy\/wp-content\/uploads\/WhatsApp-Image-2021-10-28-at-16.39.35.jpeg 2048w, https:\/\/tacuarembo.gub.uy\/wp-content\/uploads\/WhatsApp-Image-2021-10-28-at-16.39.35-768x576.jpeg 768w, https:\/\/tacuarembo.gub.uy\/wp-content\/uploads\/WhatsApp-Image-2021-10-28-at-16.39.35-1536x1152.jpeg 1536w\" sizes=\"auto, (max-width: 2048px) 100vw, 2048px\" \/><\/a>\n\t\t\t<\/dt><\/dl><dl class='gallery-item'>\n\t\t\t<dt class='gallery-icon landscape'>\n\t\t\t\t<a href='https:\/\/tacuarembo.gub.uy\/?attachment_id=12992'><img loading=\"lazy\" decoding=\"async\" width=\"2048\" height=\"1536\" src=\"https:\/\/tacuarembo.gub.uy\/wp-content\/uploads\/WhatsApp-Image-2021-10-28-at-16.39.04.jpeg\" class=\"attachment-full size-full\" alt=\"\" srcset=\"https:\/\/tacuarembo.gub.uy\/wp-content\/uploads\/WhatsApp-Image-2021-10-28-at-16.39.04.jpeg 2048w, https:\/\/tacuarembo.gub.uy\/wp-content\/uploads\/WhatsApp-Image-2021-10-28-at-16.39.04-768x576.jpeg 768w, https:\/\/tacuarembo.gub.uy\/wp-content\/uploads\/WhatsApp-Image-2021-10-28-at-16.39.04-1536x1152.jpeg 1536w\" sizes=\"auto, (max-width: 2048px) 100vw, 2048px\" \/><\/a>\n\t\t\t<\/dt><\/dl><br style=\"clear: both\" \/>\n\t\t<\/div>\n","protected":false},"excerpt":{"rendered":"<p>En presencia del Subsecretario del Ministerio de Industria, Energ\u00eda y Miner\u00eda Walter Verri; el Director de la Oficina de Planeamiento y Presupuesto, Ec. Isaac Alfie; el Intendente Departamental de Tacuaremb\u00f3, Wilson Ezquerra; el alcalde de Paso de los Toros, Sr. Luis Irigoin; la Presidenta de ANDE, Ec. Carmen S\u00e1nchez; y la Vicepresidenta del Centro Comercial e Industrial de Durazno, Dra Ana Hunter, se procedi\u00f3 a la inauguraci\u00f3n del Centro Pyme de Paso de los Toros.<\/p>\n","protected":false},"author":3,"featured_media":12990,"comment_status":"open","ping_status":"open","sticky":false,"template":"","format":"standard","meta":{"_eb_attr":"","footnotes":""},"categories":[16],"tags":[],"class_list":{"0":"post-12989","1":"post","2":"type-post","3":"status-publish","4":"format-standard","5":"has-post-thumbnail","7":"category-noticias"},"_links":{"self":[{"href":"https:\/\/tacuarembo.gub.uy\/index.php?rest_route=\/wp\/v2\/posts\/12989","targetHints":{"allow":["GET"]}}],"collection":[{"href":"https:\/\/tacuarembo.gub.uy\/index.php?rest_route=\/wp\/v2\/posts"}],"about":[{"href":"https:\/\/tacuarembo.gub.uy\/index.php?rest_route=\/wp\/v2\/types\/post"}],"author":[{"embeddable":true,"href":"https:\/\/tacuarembo.gub.uy\/index.php?rest_route=\/wp\/v2\/users\/3"}],"replies":[{"embeddable":true,"href":"https:\/\/tacuarembo.gub.uy\/index.php?rest_route=%2Fwp%2Fv2%2Fcomments&post=12989"}],"version-history":[{"count":1,"href":"https:\/\/tacuarembo.gub.uy\/index.php?rest_route=\/wp\/v2\/posts\/12989\/revisions"}],"predecessor-version":[{"id":12993,"href":"https:\/\/tacuarembo.gub.uy\/index.php?rest_route=\/wp\/v2\/posts\/12989\/revisions\/12993"}],"wp:featuredmedia":[{"embeddable":true,"href":"https:\/\/tacuarembo.gub.uy\/index.php?rest_route=\/wp\/v2\/media\/12990"}],"wp:attachment":[{"href":"https:\/\/tacuarembo.gub.uy\/index.php?rest_route=%2Fwp%2Fv2%2Fmedia&parent=12989"}],"wp:term":[{"taxonomy":"category","embeddable":true,"href":"https:\/\/tacuarembo.gub.uy\/index.php?rest_route=%2Fwp%2Fv2%2Fcategories&post=12989"},{"taxonomy":"post_tag","embeddable":true,"href":"https:\/\/tacuarembo.gub.uy\/index.php?rest_route=%2Fwp%2Fv2%2Ftags&post=12989"}],"curies":[{"name":"wp","href":"https:\/\/api.w.org\/{rel}","templated":true}]}}