{"id":12985,"date":"2021-10-28T16:13:14","date_gmt":"2021-10-28T19:13:14","guid":{"rendered":"https:\/\/tacuarembo.gub.uy\/?p=12985"},"modified":"2021-10-28T16:13:14","modified_gmt":"2021-10-28T19:13:14","slug":"1er-encuentro-nacional-de-emprendedurismo-se-desarrollo-en-durazno","status":"publish","type":"post","link":"https:\/\/tacuarembo.gub.uy\/?p=12985","title":{"rendered":"1er. Encuentro Nacional de Emprendedurismo, se desarroll\u00f3 en Durazno"},"content":{"rendered":"\n<p>Organizado por Sembrando, reuni\u00f3 a Intendentes y Directores de Desarrollo del Uruguay con la presencia de la coordinadora del movimiento Lorena Ponce de Le\u00f3n, qui\u00e9n inform\u00f3 el contenido del programa en cuanto a sus objetivos al cumplirse un a\u00f1o y medio de funcionamiento. Por su parte el Presidente de la Rep\u00fablica Dr. Luis Lacalle Pou, dijo que su gesti\u00f3n impuls\u00f3 un apoyo a los emprendedores que como otros actores del rengl\u00f3n comercial vienen siendo afectados por la pandemia del Covid 19. Tacuaremb\u00f3 estuvo presente y los intendentes -y sus asesores- expusieron por espacio de 10 minutos sobre la realidad del Emprendedurismo en sus departamentos y los proyectos para los pr\u00f3ximos a\u00f1os.<\/p>\n\n\n\n\t\t<style type=\"text\/css\">\n\t\t\t#gallery-1 {\n\t\t\t\tmargin: auto;\n\t\t\t}\n\t\t\t#gallery-1 .gallery-item {\n\t\t\t\tfloat: left;\n\t\t\t\tmargin-top: 10px;\n\t\t\t\ttext-align: center;\n\t\t\t\twidth: 33%;\n\t\t\t}\n\t\t\t#gallery-1 img {\n\t\t\t\tborder: 2px solid #cfcfcf;\n\t\t\t}\n\t\t\t#gallery-1 .gallery-caption {\n\t\t\t\tmargin-left: 0;\n\t\t\t}\n\t\t\t\/* see gallery_shortcode() in wp-includes\/media.php *\/\n\t\t<\/style>\n\t\t<div id='gallery-1' class='gallery galleryid-12985 gallery-columns-3 gallery-size-full'><dl class='gallery-item'>\n\t\t\t<dt class='gallery-icon landscape'>\n\t\t\t\t<a href='https:\/\/tacuarembo.gub.uy\/?attachment_id=12986'><img loading=\"lazy\" decoding=\"async\" width=\"1585\" height=\"934\" src=\"https:\/\/tacuarembo.gub.uy\/wp-content\/uploads\/WhatsApp-Image-2021-10-28-at-16.11.56.jpeg\" class=\"attachment-full size-full\" alt=\"\" srcset=\"https:\/\/tacuarembo.gub.uy\/wp-content\/uploads\/WhatsApp-Image-2021-10-28-at-16.11.56.jpeg 1585w, https:\/\/tacuarembo.gub.uy\/wp-content\/uploads\/WhatsApp-Image-2021-10-28-at-16.11.56-768x453.jpeg 768w, https:\/\/tacuarembo.gub.uy\/wp-content\/uploads\/WhatsApp-Image-2021-10-28-at-16.11.56-1536x905.jpeg 1536w\" sizes=\"auto, (max-width: 1585px) 100vw, 1585px\" \/><\/a>\n\t\t\t<\/dt><\/dl><dl class='gallery-item'>\n\t\t\t<dt class='gallery-icon landscape'>\n\t\t\t\t<a href='https:\/\/tacuarembo.gub.uy\/?attachment_id=12987'><img loading=\"lazy\" decoding=\"async\" width=\"753\" height=\"651\" src=\"https:\/\/tacuarembo.gub.uy\/wp-content\/uploads\/WhatsApp-Image-2021-10-28-at-16.11.52.jpeg\" class=\"attachment-full size-full\" alt=\"\" \/><\/a>\n\t\t\t<\/dt><\/dl>\n\t\t\t<br style='clear: both' \/>\n\t\t<\/div>\n","protected":false},"excerpt":{"rendered":"<p>Organizado por Sembrando, reuni\u00f3 a Intendentes y Directores de Desarrollo del Uruguay con la presencia de la coordinadora del movimiento Lorena Ponce de Le\u00f3n, qui\u00e9n inform\u00f3 el contenido del programa en cuanto a sus objetivos al cumplirse un a\u00f1o y medio de funcionamiento<\/p>\n","protected":false},"author":3,"featured_media":12986,"comment_status":"open","ping_status":"open","sticky":false,"template":"","format":"standard","meta":{"_eb_attr":"","footnotes":""},"categories":[30,16],"tags":[],"class_list":{"0":"post-12985","1":"post","2":"type-post","3":"status-publish","4":"format-standard","5":"has-post-thumbnail","7":"category-d-productivo","8":"category-noticias"},"_links":{"self":[{"href":"https:\/\/tacuarembo.gub.uy\/index.php?rest_route=\/wp\/v2\/posts\/12985","targetHints":{"allow":["GET"]}}],"collection":[{"href":"https:\/\/tacuarembo.gub.uy\/index.php?rest_route=\/wp\/v2\/posts"}],"about":[{"href":"https:\/\/tacuarembo.gub.uy\/index.php?rest_route=\/wp\/v2\/types\/post"}],"author":[{"embeddable":true,"href":"https:\/\/tacuarembo.gub.uy\/index.php?rest_route=\/wp\/v2\/users\/3"}],"replies":[{"embeddable":true,"href":"https:\/\/tacuarembo.gub.uy\/index.php?rest_route=%2Fwp%2Fv2%2Fcomments&post=12985"}],"version-history":[{"count":1,"href":"https:\/\/tacuarembo.gub.uy\/index.php?rest_route=\/wp\/v2\/posts\/12985\/revisions"}],"predecessor-version":[{"id":12988,"href":"https:\/\/tacuarembo.gub.uy\/index.php?rest_route=\/wp\/v2\/posts\/12985\/revisions\/12988"}],"wp:featuredmedia":[{"embeddable":true,"href":"https:\/\/tacuarembo.gub.uy\/index.php?rest_route=\/wp\/v2\/media\/12986"}],"wp:attachment":[{"href":"https:\/\/tacuarembo.gub.uy\/index.php?rest_route=%2Fwp%2Fv2%2Fmedia&parent=12985"}],"wp:term":[{"taxonomy":"category","embeddable":true,"href":"https:\/\/tacuarembo.gub.uy\/index.php?rest_route=%2Fwp%2Fv2%2Fcategories&post=12985"},{"taxonomy":"post_tag","embeddable":true,"href":"https:\/\/tacuarembo.gub.uy\/index.php?rest_route=%2Fwp%2Fv2%2Ftags&post=12985"}],"curies":[{"name":"wp","href":"https:\/\/api.w.org\/{rel}","templated":true}]}}