{"id":12981,"date":"2021-10-28T16:00:26","date_gmt":"2021-10-28T19:00:26","guid":{"rendered":"https:\/\/tacuarembo.gub.uy\/?p=12981"},"modified":"2021-10-28T16:00:26","modified_gmt":"2021-10-28T19:00:26","slug":"del-8-al-13-de-marzo-se-fijo-la-proxima-fiesta-de-la-patria-gaucha","status":"publish","type":"post","link":"https:\/\/tacuarembo.gub.uy\/?p=12981","title":{"rendered":"Del 8 al 13 de marzo se fij\u00f3 la pr\u00f3xima Fiesta de la Patria Gaucha"},"content":{"rendered":"\r\n<p>Tal lo informado, el Intendente Wilson Ezquerra design\u00f3 a la Comisi\u00f3n Organizadora de la 35\u00aa. Fiesta de la Patria Gaucha que estar\u00e1 presidida por el Arq. Hugo Pereda y el Cdor. Ignacio Cuadrado siendo nexo con el ejecutivo departamental. En sus primeras reuniones se defini\u00f3 la fecha de realizaci\u00f3n y se comenz\u00f3 a trabajar en el tema y dise\u00f1o del afiche que identificar\u00e1 la propuesta 2022, adem\u00e1s de un activo trabajo de las diferentes sub comisiones que ya est\u00e1n desarrollando su plan de acci\u00f3n organizacional rumbo al mes de marzo.<\/p>\r\n\r\n\r\n\n\t\t<style type=\"text\/css\">\n\t\t\t#gallery-1 {\n\t\t\t\tmargin: auto;\n\t\t\t}\n\t\t\t#gallery-1 .gallery-item {\n\t\t\t\tfloat: left;\n\t\t\t\tmargin-top: 10px;\n\t\t\t\ttext-align: center;\n\t\t\t\twidth: 33%;\n\t\t\t}\n\t\t\t#gallery-1 img {\n\t\t\t\tborder: 2px solid #cfcfcf;\n\t\t\t}\n\t\t\t#gallery-1 .gallery-caption {\n\t\t\t\tmargin-left: 0;\n\t\t\t}\n\t\t\t\/* see gallery_shortcode() in wp-includes\/media.php *\/\n\t\t<\/style>\n\t\t<div id='gallery-1' class='gallery galleryid-12981 gallery-columns-3 gallery-size-full'><dl class='gallery-item'>\n\t\t\t<dt class='gallery-icon landscape'>\n\t\t\t\t<a href='https:\/\/tacuarembo.gub.uy\/?attachment_id=12982'><img loading=\"lazy\" decoding=\"async\" width=\"2560\" height=\"1707\" src=\"https:\/\/tacuarembo.gub.uy\/wp-content\/uploads\/IMG_5227-scaled.jpg\" class=\"attachment-full size-full\" alt=\"\" srcset=\"https:\/\/tacuarembo.gub.uy\/wp-content\/uploads\/IMG_5227-scaled.jpg 2560w, https:\/\/tacuarembo.gub.uy\/wp-content\/uploads\/IMG_5227-768x512.jpg 768w, https:\/\/tacuarembo.gub.uy\/wp-content\/uploads\/IMG_5227-1536x1024.jpg 1536w, https:\/\/tacuarembo.gub.uy\/wp-content\/uploads\/IMG_5227-2048x1365.jpg 2048w\" sizes=\"auto, (max-width: 2560px) 100vw, 2560px\" \/><\/a>\n\t\t\t<\/dt><\/dl><dl class='gallery-item'>\n\t\t\t<dt class='gallery-icon landscape'>\n\t\t\t\t<a href='https:\/\/tacuarembo.gub.uy\/?attachment_id=12983'><img loading=\"lazy\" decoding=\"async\" width=\"2560\" height=\"1707\" src=\"https:\/\/tacuarembo.gub.uy\/wp-content\/uploads\/KPF_2572-scaled.jpg\" class=\"attachment-full size-full\" alt=\"\" srcset=\"https:\/\/tacuarembo.gub.uy\/wp-content\/uploads\/KPF_2572-scaled.jpg 2560w, https:\/\/tacuarembo.gub.uy\/wp-content\/uploads\/KPF_2572-768x512.jpg 768w, https:\/\/tacuarembo.gub.uy\/wp-content\/uploads\/KPF_2572-1536x1024.jpg 1536w, https:\/\/tacuarembo.gub.uy\/wp-content\/uploads\/KPF_2572-2048x1365.jpg 2048w\" sizes=\"auto, (max-width: 2560px) 100vw, 2560px\" \/><\/a>\n\t\t\t<\/dt><\/dl>\n\t\t\t<br style='clear: both' \/>\n\t\t<\/div>\n","protected":false},"excerpt":{"rendered":"<p>Tal lo informado, el Intendente Wilson Ezquerra design\u00f3 a la Comisi\u00f3n Organizadora de la 35\u00aa. Fiesta de la Patria Gaucha que estar\u00e1 presidida por el Arq. Hugo Pereda y el Cdor. Ignacio Cuadrado siendo nexo con el ejecutivo departamental<\/p>\n","protected":false},"author":3,"featured_media":12983,"comment_status":"open","ping_status":"open","sticky":false,"template":"","format":"standard","meta":{"_eb_attr":"","footnotes":""},"categories":[16],"tags":[],"class_list":{"0":"post-12981","1":"post","2":"type-post","3":"status-publish","4":"format-standard","5":"has-post-thumbnail","7":"category-noticias"},"_links":{"self":[{"href":"https:\/\/tacuarembo.gub.uy\/index.php?rest_route=\/wp\/v2\/posts\/12981","targetHints":{"allow":["GET"]}}],"collection":[{"href":"https:\/\/tacuarembo.gub.uy\/index.php?rest_route=\/wp\/v2\/posts"}],"about":[{"href":"https:\/\/tacuarembo.gub.uy\/index.php?rest_route=\/wp\/v2\/types\/post"}],"author":[{"embeddable":true,"href":"https:\/\/tacuarembo.gub.uy\/index.php?rest_route=\/wp\/v2\/users\/3"}],"replies":[{"embeddable":true,"href":"https:\/\/tacuarembo.gub.uy\/index.php?rest_route=%2Fwp%2Fv2%2Fcomments&post=12981"}],"version-history":[{"count":1,"href":"https:\/\/tacuarembo.gub.uy\/index.php?rest_route=\/wp\/v2\/posts\/12981\/revisions"}],"predecessor-version":[{"id":12984,"href":"https:\/\/tacuarembo.gub.uy\/index.php?rest_route=\/wp\/v2\/posts\/12981\/revisions\/12984"}],"wp:featuredmedia":[{"embeddable":true,"href":"https:\/\/tacuarembo.gub.uy\/index.php?rest_route=\/wp\/v2\/media\/12983"}],"wp:attachment":[{"href":"https:\/\/tacuarembo.gub.uy\/index.php?rest_route=%2Fwp%2Fv2%2Fmedia&parent=12981"}],"wp:term":[{"taxonomy":"category","embeddable":true,"href":"https:\/\/tacuarembo.gub.uy\/index.php?rest_route=%2Fwp%2Fv2%2Fcategories&post=12981"},{"taxonomy":"post_tag","embeddable":true,"href":"https:\/\/tacuarembo.gub.uy\/index.php?rest_route=%2Fwp%2Fv2%2Ftags&post=12981"}],"curies":[{"name":"wp","href":"https:\/\/api.w.org\/{rel}","templated":true}]}}