{"id":12968,"date":"2021-10-28T15:15:40","date_gmt":"2021-10-28T18:15:40","guid":{"rendered":"https:\/\/tacuarembo.gub.uy\/?p=12968"},"modified":"2021-10-28T15:15:40","modified_gmt":"2021-10-28T18:15:40","slug":"plantacion-de-arboles-cerrando-el-mes-del-adulto-mayor","status":"publish","type":"post","link":"https:\/\/tacuarembo.gub.uy\/?p=12968","title":{"rendered":"Plantaci\u00f3n de \u00e1rboles cerrando el mes del Adulto Mayor"},"content":{"rendered":"\r\n<p>La Intendencia de Tacuaremb\u00f3 a trav\u00e9s de la Direcci\u00f3n General de Desarrollo Social \u2013 Oficina del Adulto Mayor, impuls\u00f3 un mes que abarc\u00f3 la realizaci\u00f3n de diversas actividades orientadas a esta edad, incluyendo gimnasia, encuentros recreativos, tango danza, talleres de habilidades inform\u00e1ticas, plantaciones de \u00e1rboles con los Centros de Barrio como protagonistas, de una pol\u00edtica de descentralizaci\u00f3n, impulsada desde el ejecutivo departamental. El Intendente Wilson Ezquerra viene apoyando a esta generaci\u00f3n dorada, que transmite experiencia y disfruta junto a las nuevas generaciones de estas propuestas que tienen como objetivo principal la sociabilizaci\u00f3n, la integraci\u00f3n, ayudando a mucha gente a no sentirse sola y en colectivo sumarse intercambiando inquietudes, haciendo un rescate de esos valores fundamentales para la vida en sociedad. En cada Centro de Barrio se plant\u00f3 un Lapacho y un Plumerillo con la participaci\u00f3n de diversas organizaciones vinculadas a los barrios, adultos mayores y las respectivas mesas ejecutivas.<\/p>\r\n\r\n\r\n\n\t\t<style type=\"text\/css\">\n\t\t\t#gallery-1 {\n\t\t\t\tmargin: auto;\n\t\t\t}\n\t\t\t#gallery-1 .gallery-item {\n\t\t\t\tfloat: left;\n\t\t\t\tmargin-top: 10px;\n\t\t\t\ttext-align: center;\n\t\t\t\twidth: 33%;\n\t\t\t}\n\t\t\t#gallery-1 img {\n\t\t\t\tborder: 2px solid #cfcfcf;\n\t\t\t}\n\t\t\t#gallery-1 .gallery-caption {\n\t\t\t\tmargin-left: 0;\n\t\t\t}\n\t\t\t\/* see gallery_shortcode() in wp-includes\/media.php *\/\n\t\t<\/style>\n\t\t<div id='gallery-1' class='gallery galleryid-12968 gallery-columns-3 gallery-size-full'><dl class='gallery-item'>\n\t\t\t<dt class='gallery-icon landscape'>\n\t\t\t\t<a href='https:\/\/tacuarembo.gub.uy\/?attachment_id=12969'><img loading=\"lazy\" decoding=\"async\" width=\"1400\" height=\"1040\" src=\"https:\/\/tacuarembo.gub.uy\/wp-content\/uploads\/WhatsApp-Image-2021-10-28-at-15.12.04.jpeg\" class=\"attachment-full size-full\" alt=\"\" srcset=\"https:\/\/tacuarembo.gub.uy\/wp-content\/uploads\/WhatsApp-Image-2021-10-28-at-15.12.04.jpeg 1400w, https:\/\/tacuarembo.gub.uy\/wp-content\/uploads\/WhatsApp-Image-2021-10-28-at-15.12.04-768x571.jpeg 768w\" sizes=\"auto, (max-width: 1400px) 100vw, 1400px\" \/><\/a>\n\t\t\t<\/dt><\/dl><dl class='gallery-item'>\n\t\t\t<dt class='gallery-icon landscape'>\n\t\t\t\t<a href='https:\/\/tacuarembo.gub.uy\/?attachment_id=12970'><img loading=\"lazy\" decoding=\"async\" width=\"1888\" height=\"1382\" src=\"https:\/\/tacuarembo.gub.uy\/wp-content\/uploads\/WhatsApp-Image-2021-10-28-at-15.12.03.jpeg\" class=\"attachment-full size-full\" alt=\"\" srcset=\"https:\/\/tacuarembo.gub.uy\/wp-content\/uploads\/WhatsApp-Image-2021-10-28-at-15.12.03.jpeg 1888w, https:\/\/tacuarembo.gub.uy\/wp-content\/uploads\/WhatsApp-Image-2021-10-28-at-15.12.03-768x562.jpeg 768w, https:\/\/tacuarembo.gub.uy\/wp-content\/uploads\/WhatsApp-Image-2021-10-28-at-15.12.03-1536x1124.jpeg 1536w\" sizes=\"auto, (max-width: 1888px) 100vw, 1888px\" \/><\/a>\n\t\t\t<\/dt><\/dl><dl class='gallery-item'>\n\t\t\t<dt class='gallery-icon landscape'>\n\t\t\t\t<a href='https:\/\/tacuarembo.gub.uy\/?attachment_id=12971'><img loading=\"lazy\" decoding=\"async\" width=\"2048\" height=\"1536\" src=\"https:\/\/tacuarembo.gub.uy\/wp-content\/uploads\/WhatsApp-Image-2021-10-28-at-15.12.51.jpeg\" class=\"attachment-full size-full\" alt=\"\" srcset=\"https:\/\/tacuarembo.gub.uy\/wp-content\/uploads\/WhatsApp-Image-2021-10-28-at-15.12.51.jpeg 2048w, https:\/\/tacuarembo.gub.uy\/wp-content\/uploads\/WhatsApp-Image-2021-10-28-at-15.12.51-768x576.jpeg 768w, https:\/\/tacuarembo.gub.uy\/wp-content\/uploads\/WhatsApp-Image-2021-10-28-at-15.12.51-1536x1152.jpeg 1536w\" sizes=\"auto, (max-width: 2048px) 100vw, 2048px\" \/><\/a>\n\t\t\t<\/dt><\/dl><br style=\"clear: both\" \/><dl class='gallery-item'>\n\t\t\t<dt class='gallery-icon landscape'>\n\t\t\t\t<a href='https:\/\/tacuarembo.gub.uy\/?attachment_id=12972'><img loading=\"lazy\" decoding=\"async\" width=\"2048\" height=\"1536\" src=\"https:\/\/tacuarembo.gub.uy\/wp-content\/uploads\/WhatsApp-Image-2021-10-28-at-15.12.501.jpeg\" class=\"attachment-full size-full\" alt=\"\" srcset=\"https:\/\/tacuarembo.gub.uy\/wp-content\/uploads\/WhatsApp-Image-2021-10-28-at-15.12.501.jpeg 2048w, https:\/\/tacuarembo.gub.uy\/wp-content\/uploads\/WhatsApp-Image-2021-10-28-at-15.12.501-768x576.jpeg 768w, https:\/\/tacuarembo.gub.uy\/wp-content\/uploads\/WhatsApp-Image-2021-10-28-at-15.12.501-1536x1152.jpeg 1536w\" sizes=\"auto, (max-width: 2048px) 100vw, 2048px\" \/><\/a>\n\t\t\t<\/dt><\/dl><dl class='gallery-item'>\n\t\t\t<dt class='gallery-icon portrait'>\n\t\t\t\t<a href='https:\/\/tacuarembo.gub.uy\/?attachment_id=12973'><img loading=\"lazy\" decoding=\"async\" width=\"1536\" height=\"2048\" src=\"https:\/\/tacuarembo.gub.uy\/wp-content\/uploads\/WhatsApp-Image-2021-10-28-at-15.12.50.jpeg\" class=\"attachment-full size-full\" alt=\"\" srcset=\"https:\/\/tacuarembo.gub.uy\/wp-content\/uploads\/WhatsApp-Image-2021-10-28-at-15.12.50.jpeg 1536w, https:\/\/tacuarembo.gub.uy\/wp-content\/uploads\/WhatsApp-Image-2021-10-28-at-15.12.50-768x1024.jpeg 768w, https:\/\/tacuarembo.gub.uy\/wp-content\/uploads\/WhatsApp-Image-2021-10-28-at-15.12.50-1152x1536.jpeg 1152w\" sizes=\"auto, (max-width: 1536px) 100vw, 1536px\" \/><\/a>\n\t\t\t<\/dt><\/dl>\n\t\t\t<br style='clear: both' \/>\n\t\t<\/div>\n","protected":false},"excerpt":{"rendered":"<p>La Intendencia de Tacuaremb\u00f3 a trav\u00e9s de la Direcci\u00f3n General de Desarrollo Social \u2013 Oficina del Adulto Mayor, impuls\u00f3 un mes que abarc\u00f3 la realizaci\u00f3n de diversas actividades orientadas a esta edad, incluyendo gimnasia, encuentros recreativos, tango danza, talleres de habilidades inform\u00e1ticas, plantaciones de \u00e1rboles con los Centros de Barrio como protagonistas, de una pol\u00edtica de descentralizaci\u00f3n, impulsada desde el ejecutivo departamental<\/p>\n","protected":false},"author":3,"featured_media":12972,"comment_status":"open","ping_status":"open","sticky":false,"template":"","format":"standard","meta":{"_eb_attr":"","footnotes":""},"categories":[19,16],"tags":[],"class_list":{"0":"post-12968","1":"post","2":"type-post","3":"status-publish","4":"format-standard","5":"has-post-thumbnail","7":"category-didesol","8":"category-noticias"},"_links":{"self":[{"href":"https:\/\/tacuarembo.gub.uy\/index.php?rest_route=\/wp\/v2\/posts\/12968","targetHints":{"allow":["GET"]}}],"collection":[{"href":"https:\/\/tacuarembo.gub.uy\/index.php?rest_route=\/wp\/v2\/posts"}],"about":[{"href":"https:\/\/tacuarembo.gub.uy\/index.php?rest_route=\/wp\/v2\/types\/post"}],"author":[{"embeddable":true,"href":"https:\/\/tacuarembo.gub.uy\/index.php?rest_route=\/wp\/v2\/users\/3"}],"replies":[{"embeddable":true,"href":"https:\/\/tacuarembo.gub.uy\/index.php?rest_route=%2Fwp%2Fv2%2Fcomments&post=12968"}],"version-history":[{"count":1,"href":"https:\/\/tacuarembo.gub.uy\/index.php?rest_route=\/wp\/v2\/posts\/12968\/revisions"}],"predecessor-version":[{"id":12974,"href":"https:\/\/tacuarembo.gub.uy\/index.php?rest_route=\/wp\/v2\/posts\/12968\/revisions\/12974"}],"wp:featuredmedia":[{"embeddable":true,"href":"https:\/\/tacuarembo.gub.uy\/index.php?rest_route=\/wp\/v2\/media\/12972"}],"wp:attachment":[{"href":"https:\/\/tacuarembo.gub.uy\/index.php?rest_route=%2Fwp%2Fv2%2Fmedia&parent=12968"}],"wp:term":[{"taxonomy":"category","embeddable":true,"href":"https:\/\/tacuarembo.gub.uy\/index.php?rest_route=%2Fwp%2Fv2%2Fcategories&post=12968"},{"taxonomy":"post_tag","embeddable":true,"href":"https:\/\/tacuarembo.gub.uy\/index.php?rest_route=%2Fwp%2Fv2%2Ftags&post=12968"}],"curies":[{"name":"wp","href":"https:\/\/api.w.org\/{rel}","templated":true}]}}