{"id":12965,"date":"2021-10-27T17:15:59","date_gmt":"2021-10-27T20:15:59","guid":{"rendered":"https:\/\/tacuarembo.gub.uy\/?p=12965"},"modified":"2021-12-22T10:48:01","modified_gmt":"2021-12-22T13:48:01","slug":"regularizacion-de-matriculas","status":"publish","type":"post","link":"https:\/\/tacuarembo.gub.uy\/?p=12965","title":{"rendered":"Regularizaci\u00f3n de matr\u00edculas"},"content":{"rendered":"\n<p>La Intendencia de Tacuaremb\u00f3 informa a toda la poblaci\u00f3n que todo veh\u00edculo que circule, conducido por personas radicadas en Tacuaremb\u00f3, y que se encuentren matriculados en otro departamento o pa\u00eds, estar\u00e1n obligados, en un plazo m\u00e1ximo de noventa d\u00edas, a regularizar su situaci\u00f3n en la Dir. de Tr\u00e1nsito P\u00fablico de la Intendencia. Adem\u00e1s, se informa que se encuentra vigente un plan de refinanciaci\u00f3n de deuda hasta el 30 de diciembre de 2021.<\/p>\n","protected":false},"excerpt":{"rendered":"<p>La Intendencia de Tacuaremb\u00f3 informa a toda la poblaci\u00f3n que todo veh\u00edculo que circule, conducido por personas radicadas en Tacuaremb\u00f3, y que se encuentren matriculados en otro departamento o pa\u00eds, estar\u00e1n obligados, en un plazo m\u00e1ximo de noventa d\u00edas, a regularizar su situaci\u00f3n en la Dir. de Tr\u00e1nsito P\u00fablico de la Intendencia<\/p>\n","protected":false},"author":3,"featured_media":12966,"comment_status":"open","ping_status":"open","sticky":false,"template":"","format":"standard","meta":{"_eb_attr":"","footnotes":""},"categories":[16],"tags":[],"class_list":{"0":"post-12965","1":"post","2":"type-post","3":"status-publish","4":"format-standard","5":"has-post-thumbnail","7":"category-noticias"},"_links":{"self":[{"href":"https:\/\/tacuarembo.gub.uy\/index.php?rest_route=\/wp\/v2\/posts\/12965","targetHints":{"allow":["GET"]}}],"collection":[{"href":"https:\/\/tacuarembo.gub.uy\/index.php?rest_route=\/wp\/v2\/posts"}],"about":[{"href":"https:\/\/tacuarembo.gub.uy\/index.php?rest_route=\/wp\/v2\/types\/post"}],"author":[{"embeddable":true,"href":"https:\/\/tacuarembo.gub.uy\/index.php?rest_route=\/wp\/v2\/users\/3"}],"replies":[{"embeddable":true,"href":"https:\/\/tacuarembo.gub.uy\/index.php?rest_route=%2Fwp%2Fv2%2Fcomments&post=12965"}],"version-history":[{"count":2,"href":"https:\/\/tacuarembo.gub.uy\/index.php?rest_route=\/wp\/v2\/posts\/12965\/revisions"}],"predecessor-version":[{"id":13294,"href":"https:\/\/tacuarembo.gub.uy\/index.php?rest_route=\/wp\/v2\/posts\/12965\/revisions\/13294"}],"wp:featuredmedia":[{"embeddable":true,"href":"https:\/\/tacuarembo.gub.uy\/index.php?rest_route=\/wp\/v2\/media\/12966"}],"wp:attachment":[{"href":"https:\/\/tacuarembo.gub.uy\/index.php?rest_route=%2Fwp%2Fv2%2Fmedia&parent=12965"}],"wp:term":[{"taxonomy":"category","embeddable":true,"href":"https:\/\/tacuarembo.gub.uy\/index.php?rest_route=%2Fwp%2Fv2%2Fcategories&post=12965"},{"taxonomy":"post_tag","embeddable":true,"href":"https:\/\/tacuarembo.gub.uy\/index.php?rest_route=%2Fwp%2Fv2%2Ftags&post=12965"}],"curies":[{"name":"wp","href":"https:\/\/api.w.org\/{rel}","templated":true}]}}