{"id":12949,"date":"2021-10-26T17:02:39","date_gmt":"2021-10-26T20:02:39","guid":{"rendered":"https:\/\/tacuarembo.gub.uy\/?p=12949"},"modified":"2021-10-26T17:02:39","modified_gmt":"2021-10-26T20:02:39","slug":"tango-danza-en-plaza-19-de-abril","status":"publish","type":"post","link":"https:\/\/tacuarembo.gub.uy\/?p=12949","title":{"rendered":"\u201cTango Danza\u201d en Plaza 19 de Abril"},"content":{"rendered":"\n<p>La Intendencia de Tacuaremb\u00f3, Dirs. Grales. de Educaci\u00f3n y Cultura y de Desarrollo Social, conjuntamente con la Fundaci\u00f3n Gardel y la Agremiaci\u00f3n de Pasivos \u201c19 de Junio\u201d, en el mes del adulto mayor, y como cierre del mismo, dentro del programa \u201cCirculando por Vos\u201d invitan a participar de la actividad bailable \u201cTango Danza\u201d, que se realizar\u00e1 el s\u00e1bado 30 de octubre en Plaza 19 de Abril a partir de la hora 16:00. La actividad ser\u00e1 abierta a todo el p\u00fablico y estar\u00e1 a cargo de los profesores Virginia Piria y Jos\u00e9 Luis Pereira.<\/p>\n","protected":false},"excerpt":{"rendered":"<p>Intendencia de Tacuaremb\u00f3, Dirs. Grales. de Educaci\u00f3n y Cultura y de Desarrollo Social, conjuntamente con la Fundaci\u00f3n Gardel y la Agremiaci\u00f3n de Pasivos \u201c19 de Junio\u201d, en el mes del adulto mayor, y como cierre del mismo, dentro del programa \u201cCirculando por Vos\u201d invitan a participar de la actividad bailable \u201cTango Danza\u201d<\/p>\n","protected":false},"author":3,"featured_media":12950,"comment_status":"open","ping_status":"open","sticky":false,"template":"","format":"standard","meta":{"_eb_attr":"","footnotes":""},"categories":[16],"tags":[],"class_list":{"0":"post-12949","1":"post","2":"type-post","3":"status-publish","4":"format-standard","5":"has-post-thumbnail","7":"category-noticias"},"_links":{"self":[{"href":"https:\/\/tacuarembo.gub.uy\/index.php?rest_route=\/wp\/v2\/posts\/12949","targetHints":{"allow":["GET"]}}],"collection":[{"href":"https:\/\/tacuarembo.gub.uy\/index.php?rest_route=\/wp\/v2\/posts"}],"about":[{"href":"https:\/\/tacuarembo.gub.uy\/index.php?rest_route=\/wp\/v2\/types\/post"}],"author":[{"embeddable":true,"href":"https:\/\/tacuarembo.gub.uy\/index.php?rest_route=\/wp\/v2\/users\/3"}],"replies":[{"embeddable":true,"href":"https:\/\/tacuarembo.gub.uy\/index.php?rest_route=%2Fwp%2Fv2%2Fcomments&post=12949"}],"version-history":[{"count":1,"href":"https:\/\/tacuarembo.gub.uy\/index.php?rest_route=\/wp\/v2\/posts\/12949\/revisions"}],"predecessor-version":[{"id":12951,"href":"https:\/\/tacuarembo.gub.uy\/index.php?rest_route=\/wp\/v2\/posts\/12949\/revisions\/12951"}],"wp:featuredmedia":[{"embeddable":true,"href":"https:\/\/tacuarembo.gub.uy\/index.php?rest_route=\/wp\/v2\/media\/12950"}],"wp:attachment":[{"href":"https:\/\/tacuarembo.gub.uy\/index.php?rest_route=%2Fwp%2Fv2%2Fmedia&parent=12949"}],"wp:term":[{"taxonomy":"category","embeddable":true,"href":"https:\/\/tacuarembo.gub.uy\/index.php?rest_route=%2Fwp%2Fv2%2Fcategories&post=12949"},{"taxonomy":"post_tag","embeddable":true,"href":"https:\/\/tacuarembo.gub.uy\/index.php?rest_route=%2Fwp%2Fv2%2Ftags&post=12949"}],"curies":[{"name":"wp","href":"https:\/\/api.w.org\/{rel}","templated":true}]}}