{"id":12922,"date":"2021-10-21T16:00:32","date_gmt":"2021-10-21T19:00:32","guid":{"rendered":"https:\/\/tacuarembo.gub.uy\/?p=12922"},"modified":"2021-10-21T16:00:32","modified_gmt":"2021-10-21T19:00:32","slug":"exposicion-gustavo-also-5-decadas-del-arte","status":"publish","type":"post","link":"https:\/\/tacuarembo.gub.uy\/?p=12922","title":{"rendered":"Exposici\u00f3n \u201cGustavo Als\u00f3 \u2013 5 D\u00e9cadas del Arte\u201d"},"content":{"rendered":"\n<p>La Intendencia de Tacuaremb\u00f3, a trav\u00e9s del MUART, invita a toda la poblaci\u00f3n a visitar la exposici\u00f3n individual \u201cGustavo Als\u00f3 \u2013 5 D\u00e9cadas de Arte\u201d, la que se inaugurar\u00e1 el 3 de noviembre a las 19:00 horas en su local situado en 25 de mayo 171 (entre Joaqu\u00edn Su\u00e1rez y L.A. de Herrera); permaneciendo abierta al p\u00fablico del 3 al 30 de noviembre, de martes a s\u00e1bado en horario de 10:00 a 16:00 horas, por m\u00e1s informaci\u00f3n comunicarse por el tel\u00e9fono 46320857, o por correo electr\u00f3nico muarttbo@gmail.com.<\/p>\n","protected":false},"excerpt":{"rendered":"<p>a Intendencia de Tacuaremb\u00f3, a trav\u00e9s del MUART, invita a toda la poblaci\u00f3n a visitar la exposici\u00f3n individual \u201cGustavo Als\u00f3 \u2013 5 D\u00e9cadas de Arte\u201d, la que se inaugurar\u00e1 el 3 de noviembre a las 19:00 horas en su local situado en 25 de mayo 171 (entre Joaqu\u00edn Su\u00e1rez y L.A. de Herrera)<\/p>\n","protected":false},"author":3,"featured_media":12923,"comment_status":"open","ping_status":"open","sticky":false,"template":"","format":"standard","meta":{"_eb_attr":"","footnotes":""},"categories":[16],"tags":[],"class_list":{"0":"post-12922","1":"post","2":"type-post","3":"status-publish","4":"format-standard","5":"has-post-thumbnail","7":"category-noticias"},"_links":{"self":[{"href":"https:\/\/tacuarembo.gub.uy\/index.php?rest_route=\/wp\/v2\/posts\/12922","targetHints":{"allow":["GET"]}}],"collection":[{"href":"https:\/\/tacuarembo.gub.uy\/index.php?rest_route=\/wp\/v2\/posts"}],"about":[{"href":"https:\/\/tacuarembo.gub.uy\/index.php?rest_route=\/wp\/v2\/types\/post"}],"author":[{"embeddable":true,"href":"https:\/\/tacuarembo.gub.uy\/index.php?rest_route=\/wp\/v2\/users\/3"}],"replies":[{"embeddable":true,"href":"https:\/\/tacuarembo.gub.uy\/index.php?rest_route=%2Fwp%2Fv2%2Fcomments&post=12922"}],"version-history":[{"count":1,"href":"https:\/\/tacuarembo.gub.uy\/index.php?rest_route=\/wp\/v2\/posts\/12922\/revisions"}],"predecessor-version":[{"id":12924,"href":"https:\/\/tacuarembo.gub.uy\/index.php?rest_route=\/wp\/v2\/posts\/12922\/revisions\/12924"}],"wp:featuredmedia":[{"embeddable":true,"href":"https:\/\/tacuarembo.gub.uy\/index.php?rest_route=\/wp\/v2\/media\/12923"}],"wp:attachment":[{"href":"https:\/\/tacuarembo.gub.uy\/index.php?rest_route=%2Fwp%2Fv2%2Fmedia&parent=12922"}],"wp:term":[{"taxonomy":"category","embeddable":true,"href":"https:\/\/tacuarembo.gub.uy\/index.php?rest_route=%2Fwp%2Fv2%2Fcategories&post=12922"},{"taxonomy":"post_tag","embeddable":true,"href":"https:\/\/tacuarembo.gub.uy\/index.php?rest_route=%2Fwp%2Fv2%2Ftags&post=12922"}],"curies":[{"name":"wp","href":"https:\/\/api.w.org\/{rel}","templated":true}]}}