{"id":12836,"date":"2021-10-19T13:10:52","date_gmt":"2021-10-19T16:10:52","guid":{"rendered":"https:\/\/tacuarembo.gub.uy\/?p=12836"},"modified":"2021-10-19T13:10:52","modified_gmt":"2021-10-19T16:10:52","slug":"oportunidad-para-el-sector-turistico","status":"publish","type":"post","link":"https:\/\/tacuarembo.gub.uy\/?p=12836","title":{"rendered":"Oportunidad para el sector tur\u00edstico."},"content":{"rendered":"\n<p>Les compartimos desde la Intendencia de Tacuaremb\u00f3 &#8211; Direcci\u00f3n de Turismo, la invitaci\u00f3n para el Taller Informativo que se llevara a cabo el Martes 19\/10 a las 18 hs con el fin de evacuar dudas y consultas sobre como postular al segundo llamado de Fondos Concursables Mintur- Ande apoyo BID, para los departamentos de Artigas, Rivera y Tacuarembo.<\/p>\n\n\n\n<p>\u23f0 18 horas<br>\ud83d\udcc5 19 de Octubre<\/p>\n\n\n\n<p><strong>Link para inscripci\u00f3n:<br><\/strong><a href=\"https:\/\/docs.google.com\/forms\/d\/e\/1FAIpQLSeq_VHYuOBlujFC_S92fhmc55kJq9yrvAzoeYcsFDKhg4xELg\/viewform\">https:\/\/docs.google.com\/forms\/d\/e\/1FAIpQLSeq_VHYuOBlujFC_S92fhmc55kJq9yrvAzoeYcsFDKhg4xELg\/viewform<\/a><\/p>\n\n\n<p><img loading=\"lazy\" decoding=\"async\" class=\"alignnone wp-image-12838 size-full\" src=\"https:\/\/tacuarembo.gub.uy\/wp-content\/uploads\/WhatsApp-Image-2021-10-19-at-13.05.31.jpeg\" alt=\"\" width=\"1078\" height=\"624\" srcset=\"https:\/\/tacuarembo.gub.uy\/wp-content\/uploads\/WhatsApp-Image-2021-10-19-at-13.05.31.jpeg 1078w, https:\/\/tacuarembo.gub.uy\/wp-content\/uploads\/WhatsApp-Image-2021-10-19-at-13.05.31-768x445.jpeg 768w\" sizes=\"auto, (max-width: 1078px) 100vw, 1078px\" \/><\/p>","protected":false},"excerpt":{"rendered":"<p>Les compartimos desde la Intendencia de Tacuaremb\u00f3 &#8211; Direcci\u00f3n de Turismo, la invitaci\u00f3n para el Taller Informativo que se llevara a cabo el Martes 19\/10 a las 18 hs con el fin de evacuar dudas y consultas sobre como postular al segundo llamado de Fondos Concursables Mintur- Ande apoyo BID, para los departamentos de Artigas, Rivera y Tacuarembo.<\/p>\n","protected":false},"author":3,"featured_media":12842,"comment_status":"open","ping_status":"open","sticky":false,"template":"","format":"standard","meta":{"_eb_attr":"","footnotes":""},"categories":[16],"tags":[],"class_list":{"0":"post-12836","1":"post","2":"type-post","3":"status-publish","4":"format-standard","5":"has-post-thumbnail","7":"category-noticias"},"_links":{"self":[{"href":"https:\/\/tacuarembo.gub.uy\/index.php?rest_route=\/wp\/v2\/posts\/12836","targetHints":{"allow":["GET"]}}],"collection":[{"href":"https:\/\/tacuarembo.gub.uy\/index.php?rest_route=\/wp\/v2\/posts"}],"about":[{"href":"https:\/\/tacuarembo.gub.uy\/index.php?rest_route=\/wp\/v2\/types\/post"}],"author":[{"embeddable":true,"href":"https:\/\/tacuarembo.gub.uy\/index.php?rest_route=\/wp\/v2\/users\/3"}],"replies":[{"embeddable":true,"href":"https:\/\/tacuarembo.gub.uy\/index.php?rest_route=%2Fwp%2Fv2%2Fcomments&post=12836"}],"version-history":[{"count":1,"href":"https:\/\/tacuarembo.gub.uy\/index.php?rest_route=\/wp\/v2\/posts\/12836\/revisions"}],"predecessor-version":[{"id":12843,"href":"https:\/\/tacuarembo.gub.uy\/index.php?rest_route=\/wp\/v2\/posts\/12836\/revisions\/12843"}],"wp:featuredmedia":[{"embeddable":true,"href":"https:\/\/tacuarembo.gub.uy\/index.php?rest_route=\/wp\/v2\/media\/12842"}],"wp:attachment":[{"href":"https:\/\/tacuarembo.gub.uy\/index.php?rest_route=%2Fwp%2Fv2%2Fmedia&parent=12836"}],"wp:term":[{"taxonomy":"category","embeddable":true,"href":"https:\/\/tacuarembo.gub.uy\/index.php?rest_route=%2Fwp%2Fv2%2Fcategories&post=12836"},{"taxonomy":"post_tag","embeddable":true,"href":"https:\/\/tacuarembo.gub.uy\/index.php?rest_route=%2Fwp%2Fv2%2Ftags&post=12836"}],"curies":[{"name":"wp","href":"https:\/\/api.w.org\/{rel}","templated":true}]}}