{"id":12827,"date":"2021-10-17T14:20:55","date_gmt":"2021-10-17T17:20:55","guid":{"rendered":"https:\/\/tacuarembo.gub.uy\/?p=12827"},"modified":"2021-10-17T14:20:55","modified_gmt":"2021-10-17T17:20:55","slug":"el-intendente-wilson-ezquerra-atendera-inquietudes-en-los-centros-de-barrio","status":"publish","type":"post","link":"https:\/\/tacuarembo.gub.uy\/?p=12827","title":{"rendered":"El Intendente Wilson Ezquerra atender\u00e1 inquietudes en los Centros de Barrio"},"content":{"rendered":"\n<p>La Intendencia de Tacuaremb\u00f3 comunica que el Intendente Wilson Ezquerra acompa\u00f1ado por los directores del organismo, este pr\u00f3ximo lunes 18 de octubre de 2021, estar\u00e1 recorriendo y atendiendo en los Centros de Barrio, seg\u00fan el siguiente itinerario:<\/p>\n\n\n\n<p>LUNES 18.<\/p>\n\n\n\n<p>Hora 8:00 Centro de Barrio Nro. 1<\/p>\n\n\n\n<p>Hora 9:30 Centro de Barrio Nro. 4<\/p>\n\n\n\n<p>Hora 11:00 Centro de Barrio Nro. 6<\/p>\n\n\n\n<p>Hora 15:00 Centro de Barrio Nro. 2<\/p>\n\n\n\n<p>Hora 16:30 Centro de Barrio Nro. 7<\/p>\n\n\n\n<p>Hora 17 :30 Centro de Barrio Nro. 5<\/p>\n\n\n\n<p>MARTES 19.<\/p>\n\n\n\n<p>Hora 8:00 Centro de Barrio Nro. 3<\/p>\n","protected":false},"excerpt":{"rendered":"<p>La Intendencia de Tacuaremb\u00f3 comunica que el Intendente Wilson Ezquerra acompa\u00f1ado por los directores del organismo, este pr\u00f3ximo lunes 18 de octubre de 2021, estar\u00e1 recorriendo y atendiendo en los Centros de Barrio, seg\u00fan el siguiente itinerario<\/p>\n","protected":false},"author":3,"featured_media":12828,"comment_status":"open","ping_status":"open","sticky":false,"template":"","format":"standard","meta":{"_eb_attr":"","footnotes":""},"categories":[16],"tags":[],"class_list":{"0":"post-12827","1":"post","2":"type-post","3":"status-publish","4":"format-standard","5":"has-post-thumbnail","7":"category-noticias"},"_links":{"self":[{"href":"https:\/\/tacuarembo.gub.uy\/index.php?rest_route=\/wp\/v2\/posts\/12827","targetHints":{"allow":["GET"]}}],"collection":[{"href":"https:\/\/tacuarembo.gub.uy\/index.php?rest_route=\/wp\/v2\/posts"}],"about":[{"href":"https:\/\/tacuarembo.gub.uy\/index.php?rest_route=\/wp\/v2\/types\/post"}],"author":[{"embeddable":true,"href":"https:\/\/tacuarembo.gub.uy\/index.php?rest_route=\/wp\/v2\/users\/3"}],"replies":[{"embeddable":true,"href":"https:\/\/tacuarembo.gub.uy\/index.php?rest_route=%2Fwp%2Fv2%2Fcomments&post=12827"}],"version-history":[{"count":1,"href":"https:\/\/tacuarembo.gub.uy\/index.php?rest_route=\/wp\/v2\/posts\/12827\/revisions"}],"predecessor-version":[{"id":12829,"href":"https:\/\/tacuarembo.gub.uy\/index.php?rest_route=\/wp\/v2\/posts\/12827\/revisions\/12829"}],"wp:featuredmedia":[{"embeddable":true,"href":"https:\/\/tacuarembo.gub.uy\/index.php?rest_route=\/wp\/v2\/media\/12828"}],"wp:attachment":[{"href":"https:\/\/tacuarembo.gub.uy\/index.php?rest_route=%2Fwp%2Fv2%2Fmedia&parent=12827"}],"wp:term":[{"taxonomy":"category","embeddable":true,"href":"https:\/\/tacuarembo.gub.uy\/index.php?rest_route=%2Fwp%2Fv2%2Fcategories&post=12827"},{"taxonomy":"post_tag","embeddable":true,"href":"https:\/\/tacuarembo.gub.uy\/index.php?rest_route=%2Fwp%2Fv2%2Ftags&post=12827"}],"curies":[{"name":"wp","href":"https:\/\/api.w.org\/{rel}","templated":true}]}}