{"id":12255,"date":"2021-09-01T15:47:24","date_gmt":"2021-09-01T18:47:24","guid":{"rendered":"https:\/\/tacuarembo.gub.uy\/?p=12255"},"modified":"2021-09-14T19:28:03","modified_gmt":"2021-09-14T22:28:03","slug":"se-inauguro-el-baden-sumergible-en-paso-de-los-novillos-que-conectara-la-ruta-59-con-la-26-y-permitira-el-paso-de-la-produccion-y-los-lugarenos-durante-unos-300-dias-al-ano","status":"publish","type":"post","link":"https:\/\/tacuarembo.gub.uy\/?p=12255","title":{"rendered":"Se inaugur\u00f3 el Bad\u00e9n sumergible en Paso de los Novillos que conectar\u00e1 la Ruta 59 con la 26 y permitir\u00e1 el paso de la producci\u00f3n y los lugare\u00f1os durante unos 300 d\u00edas al a\u00f1o"},"content":{"rendered":"\n<p>Con la presencia del Secretario de la Presidencia, Dr. Alvaro Delgado y la plana mayor de OPP encabezada por su Subdirector, Ing. Benjam\u00edn Iraz\u00e1bal; el Intendente Wilson Ezquerra procedi\u00f3 a inaugurar esta estructura que consta de una alcantarilla principal en hormig\u00f3n m\u00e1s toda la camineria de acceso, este Bad\u00e9n tiene una longitud de 150 metros sobre el Rio Tacuaremb\u00f3 y se enmarca dentro del mejoramiento permanente que viene realizando la Intendencia de los corredores productivos del norte, incluyendo en un futuro nuevos puentes, badenes y una mejora de la camineria rural para brindar de esta manera una mejor calidad de vida para los vecinos de estas localidades que conforman la zona de influencia, que contin\u00faan su vida en el campo y son el motor de la producci\u00f3n del pa\u00eds. Dentro del equipo de trabajo de OPP ( Oficina de Planeamiento y Presupuesto) estuvo presente Wilson Aparicio Ezquerra y tambi\u00e9n acompa\u00f1aron esta instancia de relevancia, diferentes autoridades, entre ellas el Pte. de la Junta Departamental Jos\u00e9 Felipe Bruno, legisladores departamentales, los alcaldes de Villa Ansina, Ana Camejo y de San Gregorio de Polanco, Asdr\u00fabal Rodr\u00edguez y dem\u00e1s representantes institucionales junto a Daniel Semper, encargado de la Junta Local de la Zona y vecinos de Paso de los Novillos y de poblaciones cercanas.<\/p>\n\n\n\n\t\t<style type=\"text\/css\">\n\t\t\t#gallery-1 {\n\t\t\t\tmargin: auto;\n\t\t\t}\n\t\t\t#gallery-1 .gallery-item {\n\t\t\t\tfloat: left;\n\t\t\t\tmargin-top: 10px;\n\t\t\t\ttext-align: center;\n\t\t\t\twidth: 33%;\n\t\t\t}\n\t\t\t#gallery-1 img {\n\t\t\t\tborder: 2px solid #cfcfcf;\n\t\t\t}\n\t\t\t#gallery-1 .gallery-caption {\n\t\t\t\tmargin-left: 0;\n\t\t\t}\n\t\t\t\/* see gallery_shortcode() in wp-includes\/media.php *\/\n\t\t<\/style>\n\t\t<div id='gallery-1' class='gallery galleryid-12255 gallery-columns-3 gallery-size-full'><dl class='gallery-item'>\n\t\t\t<dt class='gallery-icon landscape'>\n\t\t\t\t<a href='https:\/\/tacuarembo.gub.uy\/?attachment_id=12256'><img loading=\"lazy\" decoding=\"async\" width=\"2560\" height=\"1709\" src=\"https:\/\/tacuarembo.gub.uy\/wp-content\/uploads\/16-1-scaled.jpg\" class=\"attachment-full size-full\" alt=\"\" srcset=\"https:\/\/tacuarembo.gub.uy\/wp-content\/uploads\/16-1-scaled.jpg 2560w, https:\/\/tacuarembo.gub.uy\/wp-content\/uploads\/16-1-scaled-768x513.jpg 768w, https:\/\/tacuarembo.gub.uy\/wp-content\/uploads\/16-1-scaled-1536x1025.jpg 1536w, https:\/\/tacuarembo.gub.uy\/wp-content\/uploads\/16-1-scaled-2048x1367.jpg 2048w\" sizes=\"auto, (max-width: 2560px) 100vw, 2560px\" \/><\/a>\n\t\t\t<\/dt><\/dl><dl class='gallery-item'>\n\t\t\t<dt class='gallery-icon landscape'>\n\t\t\t\t<a href='https:\/\/tacuarembo.gub.uy\/?attachment_id=12257'><img loading=\"lazy\" decoding=\"async\" width=\"2048\" height=\"1536\" src=\"https:\/\/tacuarembo.gub.uy\/wp-content\/uploads\/13.jpeg\" class=\"attachment-full size-full\" alt=\"\" srcset=\"https:\/\/tacuarembo.gub.uy\/wp-content\/uploads\/13.jpeg 2048w, https:\/\/tacuarembo.gub.uy\/wp-content\/uploads\/13-768x576.jpeg 768w, https:\/\/tacuarembo.gub.uy\/wp-content\/uploads\/13-1536x1152.jpeg 1536w\" sizes=\"auto, (max-width: 2048px) 100vw, 2048px\" \/><\/a>\n\t\t\t<\/dt><\/dl><dl class='gallery-item'>\n\t\t\t<dt class='gallery-icon landscape'>\n\t\t\t\t<a href='https:\/\/tacuarembo.gub.uy\/?attachment_id=12258'><img loading=\"lazy\" decoding=\"async\" width=\"2560\" height=\"1709\" src=\"https:\/\/tacuarembo.gub.uy\/wp-content\/uploads\/8-2-scaled.jpg\" class=\"attachment-full size-full\" alt=\"\" srcset=\"https:\/\/tacuarembo.gub.uy\/wp-content\/uploads\/8-2-scaled.jpg 2560w, https:\/\/tacuarembo.gub.uy\/wp-content\/uploads\/8-2-scaled-768x513.jpg 768w, https:\/\/tacuarembo.gub.uy\/wp-content\/uploads\/8-2-scaled-1536x1025.jpg 1536w, https:\/\/tacuarembo.gub.uy\/wp-content\/uploads\/8-2-scaled-2048x1367.jpg 2048w\" sizes=\"auto, (max-width: 2560px) 100vw, 2560px\" \/><\/a>\n\t\t\t<\/dt><\/dl><br style=\"clear: both\" \/><dl class='gallery-item'>\n\t\t\t<dt class='gallery-icon landscape'>\n\t\t\t\t<a href='https:\/\/tacuarembo.gub.uy\/?attachment_id=12259'><img loading=\"lazy\" decoding=\"async\" width=\"2560\" height=\"1865\" src=\"https:\/\/tacuarembo.gub.uy\/wp-content\/uploads\/6-4-scaled.jpg\" class=\"attachment-full size-full\" alt=\"\" srcset=\"https:\/\/tacuarembo.gub.uy\/wp-content\/uploads\/6-4-scaled.jpg 2560w, https:\/\/tacuarembo.gub.uy\/wp-content\/uploads\/6-4-scaled-768x560.jpg 768w, https:\/\/tacuarembo.gub.uy\/wp-content\/uploads\/6-4-scaled-1536x1119.jpg 1536w, https:\/\/tacuarembo.gub.uy\/wp-content\/uploads\/6-4-scaled-2048x1492.jpg 2048w\" sizes=\"auto, (max-width: 2560px) 100vw, 2560px\" \/><\/a>\n\t\t\t<\/dt><\/dl><dl class='gallery-item'>\n\t\t\t<dt class='gallery-icon landscape'>\n\t\t\t\t<a href='https:\/\/tacuarembo.gub.uy\/?attachment_id=12260'><img loading=\"lazy\" decoding=\"async\" width=\"2560\" height=\"1709\" src=\"https:\/\/tacuarembo.gub.uy\/wp-content\/uploads\/01-scaled.jpg\" class=\"attachment-full size-full\" alt=\"\" srcset=\"https:\/\/tacuarembo.gub.uy\/wp-content\/uploads\/01-scaled.jpg 2560w, https:\/\/tacuarembo.gub.uy\/wp-content\/uploads\/01-scaled-768x513.jpg 768w, https:\/\/tacuarembo.gub.uy\/wp-content\/uploads\/01-scaled-1536x1025.jpg 1536w, https:\/\/tacuarembo.gub.uy\/wp-content\/uploads\/01-scaled-2048x1367.jpg 2048w\" sizes=\"auto, (max-width: 2560px) 100vw, 2560px\" \/><\/a>\n\t\t\t<\/dt><\/dl><dl class='gallery-item'>\n\t\t\t<dt class='gallery-icon landscape'>\n\t\t\t\t<a href='https:\/\/tacuarembo.gub.uy\/?attachment_id=12261'><img loading=\"lazy\" decoding=\"async\" width=\"2560\" height=\"1709\" src=\"https:\/\/tacuarembo.gub.uy\/wp-content\/uploads\/001-2-scaled.jpg\" class=\"attachment-full size-full\" alt=\"\" srcset=\"https:\/\/tacuarembo.gub.uy\/wp-content\/uploads\/001-2-scaled.jpg 2560w, https:\/\/tacuarembo.gub.uy\/wp-content\/uploads\/001-2-scaled-768x513.jpg 768w, https:\/\/tacuarembo.gub.uy\/wp-content\/uploads\/001-2-scaled-1536x1025.jpg 1536w, https:\/\/tacuarembo.gub.uy\/wp-content\/uploads\/001-2-scaled-2048x1367.jpg 2048w\" sizes=\"auto, (max-width: 2560px) 100vw, 2560px\" \/><\/a>\n\t\t\t<\/dt><\/dl><br style=\"clear: both\" \/><dl class='gallery-item'>\n\t\t\t<dt class='gallery-icon landscape'>\n\t\t\t\t<a href='https:\/\/tacuarembo.gub.uy\/?attachment_id=12262'><img loading=\"lazy\" decoding=\"async\" width=\"2560\" height=\"1709\" src=\"https:\/\/tacuarembo.gub.uy\/wp-content\/uploads\/0a-scaled.jpg\" class=\"attachment-full size-full\" alt=\"\" srcset=\"https:\/\/tacuarembo.gub.uy\/wp-content\/uploads\/0a-scaled.jpg 2560w, https:\/\/tacuarembo.gub.uy\/wp-content\/uploads\/0a-scaled-768x513.jpg 768w, https:\/\/tacuarembo.gub.uy\/wp-content\/uploads\/0a-scaled-1536x1025.jpg 1536w, https:\/\/tacuarembo.gub.uy\/wp-content\/uploads\/0a-scaled-2048x1367.jpg 2048w\" sizes=\"auto, (max-width: 2560px) 100vw, 2560px\" \/><\/a>\n\t\t\t<\/dt><\/dl><dl class='gallery-item'>\n\t\t\t<dt class='gallery-icon landscape'>\n\t\t\t\t<a href='https:\/\/tacuarembo.gub.uy\/?attachment_id=12263'><img loading=\"lazy\" decoding=\"async\" width=\"2560\" height=\"1709\" src=\"https:\/\/tacuarembo.gub.uy\/wp-content\/uploads\/00wae-scaled.jpg\" class=\"attachment-full size-full\" alt=\"\" srcset=\"https:\/\/tacuarembo.gub.uy\/wp-content\/uploads\/00wae-scaled.jpg 2560w, https:\/\/tacuarembo.gub.uy\/wp-content\/uploads\/00wae-scaled-768x513.jpg 768w, https:\/\/tacuarembo.gub.uy\/wp-content\/uploads\/00wae-scaled-1536x1025.jpg 1536w, https:\/\/tacuarembo.gub.uy\/wp-content\/uploads\/00wae-scaled-2048x1367.jpg 2048w\" sizes=\"auto, (max-width: 2560px) 100vw, 2560px\" \/><\/a>\n\t\t\t<\/dt><\/dl><dl class='gallery-item'>\n\t\t\t<dt class='gallery-icon landscape'>\n\t\t\t\t<a href='https:\/\/tacuarembo.gub.uy\/?attachment_id=12264'><img loading=\"lazy\" decoding=\"async\" width=\"2560\" height=\"1709\" src=\"https:\/\/tacuarembo.gub.uy\/wp-content\/uploads\/00-2-scaled.jpg\" class=\"attachment-full size-full\" alt=\"\" srcset=\"https:\/\/tacuarembo.gub.uy\/wp-content\/uploads\/00-2-scaled.jpg 2560w, https:\/\/tacuarembo.gub.uy\/wp-content\/uploads\/00-2-scaled-768x513.jpg 768w, https:\/\/tacuarembo.gub.uy\/wp-content\/uploads\/00-2-scaled-1536x1025.jpg 1536w, https:\/\/tacuarembo.gub.uy\/wp-content\/uploads\/00-2-scaled-2048x1367.jpg 2048w\" sizes=\"auto, (max-width: 2560px) 100vw, 2560px\" \/><\/a>\n\t\t\t<\/dt><\/dl><br style=\"clear: both\" \/>\n\t\t<\/div>\n\n\n\n<iframe loading=\"lazy\" width=\"709\" height=\"399\" src=\"https:\/\/www.youtube.com\/embed\/4cWZdfulNws\" title=\"YouTube video player\" frameborder=\"0\" allow=\"accelerometer; autoplay; clipboard-write; encrypted-media; gyroscope; picture-in-picture\" allowfullscreen=\"\"><\/iframe>\n","protected":false},"excerpt":{"rendered":"<p>Con la presencia del Secretario de la Presidencia, Dr. Alvaro Delgado y la plana mayor de OPP encabezada por su Subdirector, Ing. Benjam\u00edn Iraz\u00e1bal; el Intendente Wilson Ezquerra procedi\u00f3 a inaugurar esta estructura que consta de una alcantarilla principal en hormig\u00f3n m\u00e1s toda la camineria de acceso, este Bad\u00e9n tiene una longitud de 150 metros sobre el Rio Tacuaremb\u00f3 y se enmarca dentro del mejoramiento permanente que viene realizando la Intendencia de los corredores productivos del norte<\/p>\n","protected":false},"author":3,"featured_media":12264,"comment_status":"open","ping_status":"open","sticky":false,"template":"","format":"standard","meta":{"_eb_attr":"","footnotes":""},"categories":[16,23],"tags":[],"class_list":{"0":"post-12255","1":"post","2":"type-post","3":"status-publish","4":"format-standard","5":"has-post-thumbnail","7":"category-noticias","8":"category-obras-en-construccion"},"_links":{"self":[{"href":"https:\/\/tacuarembo.gub.uy\/index.php?rest_route=\/wp\/v2\/posts\/12255","targetHints":{"allow":["GET"]}}],"collection":[{"href":"https:\/\/tacuarembo.gub.uy\/index.php?rest_route=\/wp\/v2\/posts"}],"about":[{"href":"https:\/\/tacuarembo.gub.uy\/index.php?rest_route=\/wp\/v2\/types\/post"}],"author":[{"embeddable":true,"href":"https:\/\/tacuarembo.gub.uy\/index.php?rest_route=\/wp\/v2\/users\/3"}],"replies":[{"embeddable":true,"href":"https:\/\/tacuarembo.gub.uy\/index.php?rest_route=%2Fwp%2Fv2%2Fcomments&post=12255"}],"version-history":[{"count":5,"href":"https:\/\/tacuarembo.gub.uy\/index.php?rest_route=\/wp\/v2\/posts\/12255\/revisions"}],"predecessor-version":[{"id":12455,"href":"https:\/\/tacuarembo.gub.uy\/index.php?rest_route=\/wp\/v2\/posts\/12255\/revisions\/12455"}],"wp:featuredmedia":[{"embeddable":true,"href":"https:\/\/tacuarembo.gub.uy\/index.php?rest_route=\/wp\/v2\/media\/12264"}],"wp:attachment":[{"href":"https:\/\/tacuarembo.gub.uy\/index.php?rest_route=%2Fwp%2Fv2%2Fmedia&parent=12255"}],"wp:term":[{"taxonomy":"category","embeddable":true,"href":"https:\/\/tacuarembo.gub.uy\/index.php?rest_route=%2Fwp%2Fv2%2Fcategories&post=12255"},{"taxonomy":"post_tag","embeddable":true,"href":"https:\/\/tacuarembo.gub.uy\/index.php?rest_route=%2Fwp%2Fv2%2Ftags&post=12255"}],"curies":[{"name":"wp","href":"https:\/\/api.w.org\/{rel}","templated":true}]}}