{"id":12002,"date":"2021-08-05T16:09:47","date_gmt":"2021-08-05T19:09:47","guid":{"rendered":"https:\/\/tacuarembo.gub.uy\/?p=12002"},"modified":"2021-08-05T16:11:25","modified_gmt":"2021-08-05T19:11:25","slug":"se-realizara-poda-en-la-via-publica","status":"publish","type":"post","link":"https:\/\/tacuarembo.gub.uy\/?p=12002","title":{"rendered":"Se realizar\u00e1 poda en la v\u00eda p\u00fablica"},"content":{"rendered":"\n<p><br>La Intendencia de Tacuaremb\u00f3, a trav\u00e9s de la Dir.Gral. de Servicios Departamentales, con la colaboraci\u00f3n de Dir. de Tr\u00e1nsito, realizar\u00e1n una actividad de poda de \u00e1rboles, ma\u00f1ana viernes 6 de agosto desde hora 07:30 hasta aproximadamente hora 16:00, por lo cual se solicita especialmente no estacionar veh\u00edculos debajo de los \u00e1rboles existentes, en los siguientes lugares:<br>-Calle Gral. Flores desde Oliva hasta Lavalleja<br>-Calle Lavalleja desde Gral. Flores y 25 de Mayo<br>-Calle 18 de Julio desde Lavalleja hasta Parque Rod\u00f3<\/p>\n","protected":false},"excerpt":{"rendered":"<p>La Intendencia de Tacuaremb\u00f3, a trav\u00e9s de la Dir.Gral. de Servicios Departamentales, con la colaboraci\u00f3n de Dir. de Tr\u00e1nsito, realizar\u00e1n una actividad de poda de \u00e1rboles, ma\u00f1ana viernes 6 de agosto desde hora 07:30 hasta aproximadamente hora 16:00<\/p>\n","protected":false},"author":3,"featured_media":12003,"comment_status":"open","ping_status":"open","sticky":false,"template":"","format":"standard","meta":{"_eb_attr":"","footnotes":""},"categories":[16],"tags":[],"class_list":{"0":"post-12002","1":"post","2":"type-post","3":"status-publish","4":"format-standard","5":"has-post-thumbnail","7":"category-noticias"},"_links":{"self":[{"href":"https:\/\/tacuarembo.gub.uy\/index.php?rest_route=\/wp\/v2\/posts\/12002","targetHints":{"allow":["GET"]}}],"collection":[{"href":"https:\/\/tacuarembo.gub.uy\/index.php?rest_route=\/wp\/v2\/posts"}],"about":[{"href":"https:\/\/tacuarembo.gub.uy\/index.php?rest_route=\/wp\/v2\/types\/post"}],"author":[{"embeddable":true,"href":"https:\/\/tacuarembo.gub.uy\/index.php?rest_route=\/wp\/v2\/users\/3"}],"replies":[{"embeddable":true,"href":"https:\/\/tacuarembo.gub.uy\/index.php?rest_route=%2Fwp%2Fv2%2Fcomments&post=12002"}],"version-history":[{"count":2,"href":"https:\/\/tacuarembo.gub.uy\/index.php?rest_route=\/wp\/v2\/posts\/12002\/revisions"}],"predecessor-version":[{"id":12005,"href":"https:\/\/tacuarembo.gub.uy\/index.php?rest_route=\/wp\/v2\/posts\/12002\/revisions\/12005"}],"wp:featuredmedia":[{"embeddable":true,"href":"https:\/\/tacuarembo.gub.uy\/index.php?rest_route=\/wp\/v2\/media\/12003"}],"wp:attachment":[{"href":"https:\/\/tacuarembo.gub.uy\/index.php?rest_route=%2Fwp%2Fv2%2Fmedia&parent=12002"}],"wp:term":[{"taxonomy":"category","embeddable":true,"href":"https:\/\/tacuarembo.gub.uy\/index.php?rest_route=%2Fwp%2Fv2%2Fcategories&post=12002"},{"taxonomy":"post_tag","embeddable":true,"href":"https:\/\/tacuarembo.gub.uy\/index.php?rest_route=%2Fwp%2Fv2%2Ftags&post=12002"}],"curies":[{"name":"wp","href":"https:\/\/api.w.org\/{rel}","templated":true}]}}