{"id":11992,"date":"2021-08-04T16:33:32","date_gmt":"2021-08-04T19:33:32","guid":{"rendered":"https:\/\/tacuarembo.gub.uy\/?p=11992"},"modified":"2021-08-12T16:40:19","modified_gmt":"2021-08-12T19:40:19","slug":"atencion-pasajeros-con-destino-a-paso-de-los-toros-nueva-terminal-de-omnibus-en-etapa-final-de-obra","status":"publish","type":"post","link":"https:\/\/tacuarembo.gub.uy\/?p=11992","title":{"rendered":"Atenci\u00f3n pasajeros con destino a Paso de los Toros, nueva terminal de \u00f3mnibus en etapa final de obra"},"content":{"rendered":"\n<p>El edificio tiene caracter\u00edsticas integradoras al espacio urban\u00edstico que est\u00e1 ocupando. Desde la geometr\u00eda, se trata de un prisma con car\u00e1cter ic\u00f3nico para complementar lo que se encuentra a su alrededor.<br>El proyecto que se concreta en esta realidad abarca un sector de la manzana, contemplando un tercio del espacio, teniendo en cuenta una futura expansi\u00f3n de acuerdo al servicio.<br>El \u00e1rea de uso interior tiene una superficie de 1200 metros cuadrados con zona pavimentada para colectivos, veh\u00edculos y proveedores que constar\u00e1 de otros 1200 metros, y de 900 metros cuadrados que est\u00e1n destinados al \u00e1rea parquizada.<br>En el interior del edificio, 8 m\u00f3dulos para agencias, que a su fondo se comunicar\u00e1n con los 5 andenes techados. Cada agencia contar\u00e1 con un mostrador para atenci\u00f3n al p\u00fablico, al fondo un \u00e1rea de 17 metros cuadrados para dep\u00f3sito, y un segundo nivel, al que se accede por escalera y ser\u00e1 destinado a tareas administrativas de las empresas arrendatarias.<br>La sala de espera tiene lugar para 250 personas, adem\u00e1s de un quiosco, un restaurante, gabinetes higi\u00e9nicos, y un sector destinado a equipos t\u00e9cnicos como la central del sistema de datos, telefon\u00eda, internet, atenci\u00f3n contra incendios y c\u00e1maras de seguridad, aunque est\u00e1 prevista la incorporaci\u00f3n de nuevos servicios y locales comerciales.<br>El edificio cuenta con un sistema de recolecci\u00f3n de agua de lluvia que abastecer\u00e1 el riego del \u00e1rea parquizada y las cisternas de los sanitarios. Cabe destacar que el abastecimiento energ\u00e9tico para iluminaci\u00f3n y confort es con tecnolog\u00eda de punta, con fines de eficiencia y ahorro energ\u00e9tico, a trav\u00e9s de equipamientos con tecnolog\u00eda inverter e iluminaci\u00f3n led tanto en interior como exterior. Paso de los Toros se apronta para darle la bienvenida a la nueva terminal de \u00f3mnibus.<\/p>\n\n\n\n\t\t<style type=\"text\/css\">\n\t\t\t#gallery-1 {\n\t\t\t\tmargin: auto;\n\t\t\t}\n\t\t\t#gallery-1 .gallery-item {\n\t\t\t\tfloat: left;\n\t\t\t\tmargin-top: 10px;\n\t\t\t\ttext-align: center;\n\t\t\t\twidth: 33%;\n\t\t\t}\n\t\t\t#gallery-1 img {\n\t\t\t\tborder: 2px solid #cfcfcf;\n\t\t\t}\n\t\t\t#gallery-1 .gallery-caption {\n\t\t\t\tmargin-left: 0;\n\t\t\t}\n\t\t\t\/* see gallery_shortcode() in wp-includes\/media.php *\/\n\t\t<\/style>\n\t\t<div id='gallery-1' class='gallery galleryid-11992 gallery-columns-3 gallery-size-full'><dl class='gallery-item'>\n\t\t\t<dt class='gallery-icon landscape'>\n\t\t\t\t<a href='https:\/\/tacuarembo.gub.uy\/?attachment_id=11993'><img loading=\"lazy\" decoding=\"async\" width=\"1024\" height=\"768\" src=\"https:\/\/tacuarembo.gub.uy\/wp-content\/uploads\/WhatsApp-Image-2021-08-04-at-16.28.00.jpeg\" class=\"attachment-full size-full\" alt=\"\" srcset=\"https:\/\/tacuarembo.gub.uy\/wp-content\/uploads\/WhatsApp-Image-2021-08-04-at-16.28.00.jpeg 1024w, https:\/\/tacuarembo.gub.uy\/wp-content\/uploads\/WhatsApp-Image-2021-08-04-at-16.28.00-768x576.jpeg 768w\" sizes=\"auto, (max-width: 1024px) 100vw, 1024px\" \/><\/a>\n\t\t\t<\/dt><\/dl><dl class='gallery-item'>\n\t\t\t<dt class='gallery-icon landscape'>\n\t\t\t\t<a href='https:\/\/tacuarembo.gub.uy\/?attachment_id=11994'><img loading=\"lazy\" decoding=\"async\" width=\"1024\" height=\"768\" src=\"https:\/\/tacuarembo.gub.uy\/wp-content\/uploads\/WhatsApp-Image-2021-08-04-at-16.27.592.jpeg\" class=\"attachment-full size-full\" alt=\"\" srcset=\"https:\/\/tacuarembo.gub.uy\/wp-content\/uploads\/WhatsApp-Image-2021-08-04-at-16.27.592.jpeg 1024w, https:\/\/tacuarembo.gub.uy\/wp-content\/uploads\/WhatsApp-Image-2021-08-04-at-16.27.592-768x576.jpeg 768w\" sizes=\"auto, (max-width: 1024px) 100vw, 1024px\" \/><\/a>\n\t\t\t<\/dt><\/dl><dl class='gallery-item'>\n\t\t\t<dt class='gallery-icon landscape'>\n\t\t\t\t<a href='https:\/\/tacuarembo.gub.uy\/?attachment_id=11995'><img loading=\"lazy\" decoding=\"async\" width=\"1024\" height=\"768\" src=\"https:\/\/tacuarembo.gub.uy\/wp-content\/uploads\/WhatsApp-Image-2021-08-04-at-16.27.591.jpeg\" class=\"attachment-full size-full\" alt=\"\" srcset=\"https:\/\/tacuarembo.gub.uy\/wp-content\/uploads\/WhatsApp-Image-2021-08-04-at-16.27.591.jpeg 1024w, https:\/\/tacuarembo.gub.uy\/wp-content\/uploads\/WhatsApp-Image-2021-08-04-at-16.27.591-768x576.jpeg 768w\" sizes=\"auto, (max-width: 1024px) 100vw, 1024px\" \/><\/a>\n\t\t\t<\/dt><\/dl><br style=\"clear: both\" \/><dl class='gallery-item'>\n\t\t\t<dt class='gallery-icon landscape'>\n\t\t\t\t<a href='https:\/\/tacuarembo.gub.uy\/?attachment_id=11996'><img loading=\"lazy\" decoding=\"async\" width=\"1024\" height=\"768\" src=\"https:\/\/tacuarembo.gub.uy\/wp-content\/uploads\/WhatsApp-Image-2021-08-04-at-16.27.59.jpeg\" class=\"attachment-full size-full\" alt=\"\" srcset=\"https:\/\/tacuarembo.gub.uy\/wp-content\/uploads\/WhatsApp-Image-2021-08-04-at-16.27.59.jpeg 1024w, https:\/\/tacuarembo.gub.uy\/wp-content\/uploads\/WhatsApp-Image-2021-08-04-at-16.27.59-768x576.jpeg 768w\" sizes=\"auto, (max-width: 1024px) 100vw, 1024px\" \/><\/a>\n\t\t\t<\/dt><\/dl>\n\t\t\t<br style='clear: both' \/>\n\t\t<\/div>\n","protected":false},"excerpt":{"rendered":"<p>El edificio tiene caracter\u00edsticas integradoras al espacio urban\u00edstico que est\u00e1 ocupando. Desde la geometr\u00eda, se trata de un prisma con car\u00e1cter ic\u00f3nico para complementar lo que se encuentra a su alrededor.<br \/>\nEl proyecto que se concreta en esta realidad abarca un sector de la manzana, contemplando un tercio del espacio, teniendo en cuenta una futura expansi\u00f3n de acuerdo al servicio.<\/p>\n","protected":false},"author":3,"featured_media":11993,"comment_status":"open","ping_status":"open","sticky":false,"template":"","format":"standard","meta":{"_eb_attr":"","footnotes":""},"categories":[16,23],"tags":[],"class_list":{"0":"post-11992","1":"post","2":"type-post","3":"status-publish","4":"format-standard","5":"has-post-thumbnail","7":"category-noticias","8":"category-obras-en-construccion"},"_links":{"self":[{"href":"https:\/\/tacuarembo.gub.uy\/index.php?rest_route=\/wp\/v2\/posts\/11992","targetHints":{"allow":["GET"]}}],"collection":[{"href":"https:\/\/tacuarembo.gub.uy\/index.php?rest_route=\/wp\/v2\/posts"}],"about":[{"href":"https:\/\/tacuarembo.gub.uy\/index.php?rest_route=\/wp\/v2\/types\/post"}],"author":[{"embeddable":true,"href":"https:\/\/tacuarembo.gub.uy\/index.php?rest_route=\/wp\/v2\/users\/3"}],"replies":[{"embeddable":true,"href":"https:\/\/tacuarembo.gub.uy\/index.php?rest_route=%2Fwp%2Fv2%2Fcomments&post=11992"}],"version-history":[{"count":1,"href":"https:\/\/tacuarembo.gub.uy\/index.php?rest_route=\/wp\/v2\/posts\/11992\/revisions"}],"predecessor-version":[{"id":11997,"href":"https:\/\/tacuarembo.gub.uy\/index.php?rest_route=\/wp\/v2\/posts\/11992\/revisions\/11997"}],"wp:featuredmedia":[{"embeddable":true,"href":"https:\/\/tacuarembo.gub.uy\/index.php?rest_route=\/wp\/v2\/media\/11993"}],"wp:attachment":[{"href":"https:\/\/tacuarembo.gub.uy\/index.php?rest_route=%2Fwp%2Fv2%2Fmedia&parent=11992"}],"wp:term":[{"taxonomy":"category","embeddable":true,"href":"https:\/\/tacuarembo.gub.uy\/index.php?rest_route=%2Fwp%2Fv2%2Fcategories&post=11992"},{"taxonomy":"post_tag","embeddable":true,"href":"https:\/\/tacuarembo.gub.uy\/index.php?rest_route=%2Fwp%2Fv2%2Ftags&post=11992"}],"curies":[{"name":"wp","href":"https:\/\/api.w.org\/{rel}","templated":true}]}}