{"id":11866,"date":"2021-07-26T16:01:46","date_gmt":"2021-07-26T19:01:46","guid":{"rendered":"https:\/\/tacuarembo.gub.uy\/?p=11866"},"modified":"2021-07-26T20:24:12","modified_gmt":"2021-07-26T23:24:12","slug":"las-mujeres-en-la-musica-de-tacuarembo","status":"publish","type":"post","link":"https:\/\/tacuarembo.gub.uy\/?p=11866","title":{"rendered":"Las Mujeres en la M\u00fasica de Tacuaremb\u00f3"},"content":{"rendered":"\n<p>As\u00ed se denomin\u00f3 la charla virtual que ofrecieron desde la Sala Brocco de la Casa de la Cultura Jimena Crujeira y Rosel\u00edn Ferreira. Los invitamos a ingresar en nuestro canal de YouTube y disfrutar del contenido de esta charla y las anteriores, adem\u00e1s de toda la actualidad departamental.<\/p>\n\n\n\n<iframe loading=\"lazy\" width=\"709\" height=\"399\" src=\"https:\/\/www.youtube.com\/embed\/lB_0bVsKdFU\" title=\"YouTube video player\" frameborder=\"0\" allow=\"accelerometer; autoplay; clipboard-write; encrypted-media; gyroscope; picture-in-picture\" allowfullscreen=\"\"><\/iframe>\n","protected":false},"excerpt":{"rendered":"<p>As\u00ed se denomin\u00f3 la charla virtual que ofrecieron desde la Sala Brocco de la Casa de la Cultura Jimena Crujeira y Rosel\u00edn Ferreira.<\/p>\n","protected":false},"author":3,"featured_media":11880,"comment_status":"open","ping_status":"open","sticky":false,"template":"","format":"standard","meta":{"_eb_attr":"","footnotes":""},"categories":[18,16],"tags":[],"class_list":{"0":"post-11866","1":"post","2":"type-post","3":"status-publish","4":"format-standard","5":"has-post-thumbnail","7":"category-cultura","8":"category-noticias"},"_links":{"self":[{"href":"https:\/\/tacuarembo.gub.uy\/index.php?rest_route=\/wp\/v2\/posts\/11866","targetHints":{"allow":["GET"]}}],"collection":[{"href":"https:\/\/tacuarembo.gub.uy\/index.php?rest_route=\/wp\/v2\/posts"}],"about":[{"href":"https:\/\/tacuarembo.gub.uy\/index.php?rest_route=\/wp\/v2\/types\/post"}],"author":[{"embeddable":true,"href":"https:\/\/tacuarembo.gub.uy\/index.php?rest_route=\/wp\/v2\/users\/3"}],"replies":[{"embeddable":true,"href":"https:\/\/tacuarembo.gub.uy\/index.php?rest_route=%2Fwp%2Fv2%2Fcomments&post=11866"}],"version-history":[{"count":2,"href":"https:\/\/tacuarembo.gub.uy\/index.php?rest_route=\/wp\/v2\/posts\/11866\/revisions"}],"predecessor-version":[{"id":11881,"href":"https:\/\/tacuarembo.gub.uy\/index.php?rest_route=\/wp\/v2\/posts\/11866\/revisions\/11881"}],"wp:featuredmedia":[{"embeddable":true,"href":"https:\/\/tacuarembo.gub.uy\/index.php?rest_route=\/wp\/v2\/media\/11880"}],"wp:attachment":[{"href":"https:\/\/tacuarembo.gub.uy\/index.php?rest_route=%2Fwp%2Fv2%2Fmedia&parent=11866"}],"wp:term":[{"taxonomy":"category","embeddable":true,"href":"https:\/\/tacuarembo.gub.uy\/index.php?rest_route=%2Fwp%2Fv2%2Fcategories&post=11866"},{"taxonomy":"post_tag","embeddable":true,"href":"https:\/\/tacuarembo.gub.uy\/index.php?rest_route=%2Fwp%2Fv2%2Ftags&post=11866"}],"curies":[{"name":"wp","href":"https:\/\/api.w.org\/{rel}","templated":true}]}}