{"id":11688,"date":"2021-07-06T16:48:31","date_gmt":"2021-07-06T19:48:31","guid":{"rendered":"https:\/\/tacuarembo.gub.uy\/?p=11688"},"modified":"2021-07-06T16:48:31","modified_gmt":"2021-07-06T19:48:31","slug":"la-comunicacion-en-tacuarembo","status":"publish","type":"post","link":"https:\/\/tacuarembo.gub.uy\/?p=11688","title":{"rendered":"La Comunicaci\u00f3n en Tacuaremb\u00f3"},"content":{"rendered":"\n<p>Nuestro ciclo de Charlas Culturales Inclusivas desde la Sala Brocco nos propuso el pasado viernes repasar historias y conocer en profundidad varios aspectos que hacen a la vida de los medios de comunicaci\u00f3n y sus figuras a lo largo de la historia. Nos acompa\u00f1aron los comunicadores Dante Dini (Radio Zorrilla y Canal 7) y Enrique Aldabe (Radio Tacuaremb\u00f3).<\/p>\n\n\n\n<iframe loading=\"lazy\" width=\"709\" height=\"399\" src=\"https:\/\/www.youtube.com\/embed\/ixb3beCUz9A\" title=\"YouTube video player\" frameborder=\"0\" allow=\"accelerometer; autoplay; clipboard-write; encrypted-media; gyroscope; picture-in-picture\" allowfullscreen><\/iframe>\n","protected":false},"excerpt":{"rendered":"<p>Nuestro ciclo de Charlas Culturales Inclusivas desde la Sala Brocco nos propuso el pasado viernes repasar historias y conocer en profundidad varios aspectos que hacen a la vida de los medios de comunicaci\u00f3n y sus figuras a lo largo de la historia<\/p>\n","protected":false},"author":3,"featured_media":11689,"comment_status":"open","ping_status":"open","sticky":false,"template":"","format":"standard","meta":{"_eb_attr":"","footnotes":""},"categories":[18,16],"tags":[],"class_list":{"0":"post-11688","1":"post","2":"type-post","3":"status-publish","4":"format-standard","5":"has-post-thumbnail","7":"category-cultura","8":"category-noticias"},"_links":{"self":[{"href":"https:\/\/tacuarembo.gub.uy\/index.php?rest_route=\/wp\/v2\/posts\/11688","targetHints":{"allow":["GET"]}}],"collection":[{"href":"https:\/\/tacuarembo.gub.uy\/index.php?rest_route=\/wp\/v2\/posts"}],"about":[{"href":"https:\/\/tacuarembo.gub.uy\/index.php?rest_route=\/wp\/v2\/types\/post"}],"author":[{"embeddable":true,"href":"https:\/\/tacuarembo.gub.uy\/index.php?rest_route=\/wp\/v2\/users\/3"}],"replies":[{"embeddable":true,"href":"https:\/\/tacuarembo.gub.uy\/index.php?rest_route=%2Fwp%2Fv2%2Fcomments&post=11688"}],"version-history":[{"count":1,"href":"https:\/\/tacuarembo.gub.uy\/index.php?rest_route=\/wp\/v2\/posts\/11688\/revisions"}],"predecessor-version":[{"id":11690,"href":"https:\/\/tacuarembo.gub.uy\/index.php?rest_route=\/wp\/v2\/posts\/11688\/revisions\/11690"}],"wp:featuredmedia":[{"embeddable":true,"href":"https:\/\/tacuarembo.gub.uy\/index.php?rest_route=\/wp\/v2\/media\/11689"}],"wp:attachment":[{"href":"https:\/\/tacuarembo.gub.uy\/index.php?rest_route=%2Fwp%2Fv2%2Fmedia&parent=11688"}],"wp:term":[{"taxonomy":"category","embeddable":true,"href":"https:\/\/tacuarembo.gub.uy\/index.php?rest_route=%2Fwp%2Fv2%2Fcategories&post=11688"},{"taxonomy":"post_tag","embeddable":true,"href":"https:\/\/tacuarembo.gub.uy\/index.php?rest_route=%2Fwp%2Fv2%2Ftags&post=11688"}],"curies":[{"name":"wp","href":"https:\/\/api.w.org\/{rel}","templated":true}]}}