{"id":11654,"date":"2021-07-05T16:53:29","date_gmt":"2021-07-05T19:53:29","guid":{"rendered":"https:\/\/tacuarembo.gub.uy\/?p=11654"},"modified":"2021-07-06T08:33:07","modified_gmt":"2021-07-06T11:33:07","slug":"fallecio-arq-walter-domingo","status":"publish","type":"post","link":"https:\/\/tacuarembo.gub.uy\/?p=11654","title":{"rendered":"Falleci\u00f3 Arq. Walter Domingo"},"content":{"rendered":"\n<p>La Intendencia de Tacuaremb\u00f3, este pasado viernes 2 de julio, recibi\u00f3 la triste noticia del fallecimiento del Ciudadano Ilustre de Tacuaremb\u00f3, Arq. Walter Domingo, quien fuera id\u00e9ologo e impulsor de los Centros de Barrios, de formato urban\u00edstico y comunitario pionero en Am\u00e9rica, en cuanto ocupaba la Dir. de Arquitectura durante el mandato del Int. Ra\u00fal Goyenola, nombrado por el anterior Intendente Te\u00f3filo Carneiro. Naci\u00f3 un 15 de enero de 1923 en Montevideo, hijo de espa\u00f1oles inmigrantes, egresado de Facultad de Agronom\u00eda en 1948, pasando en 1950 a residir en Tacuaremb\u00f3 donde se casa con Elodina Balestra. La idea de los centros de barrio surge de conversaciones sobre el plan regulador de la ciudad con el Intendente Goyenola; naciendo de la base de emprendimientos para cubrir necesidades sociales a cargo de los habitantes del barrio, nucleados en comisiones que los administren; siendo las que intervino directamente: Centro de Barrio 1; Estadio, campo de deportes, pista de atletismo y vel\u00f3dromo, Centro de Barrio 2, reforma de Parque Rod\u00f3, Plaza de las Am\u00e9ricas, inicio de Centro de Barrio 3 y el Barrio 18 de Julio con viviendas en suelo cemento para desalojados por las inundaciones de 1959, entre otras. Tacuaremb\u00f3 siempre mantendr\u00e1 un merecido recuerdo de su persona y de su labor para la ciudadan\u00eda.<\/p>\n","protected":false},"excerpt":{"rendered":"<p>La Intendencia de Tacuaremb\u00f3, este pasado viernes 2 de julio, recibi\u00f3 la triste noticia del fallecimiento del Ciudadano Ilustre de Tacuaremb\u00f3, Arq. Walter Domingo, quien fuera id\u00e9ologo e impulsor de los Centros de Barrios, de formato urban\u00edstico y comunitario pionero en Am\u00e9rica, en cuanto ocupaba la Dir. de Arquitectura durante el mandato del Int. Ra\u00fal Goyenola, nombrado por el anterior Intendente Te\u00f3filo Carneiro<\/p>\n","protected":false},"author":3,"featured_media":11679,"comment_status":"open","ping_status":"open","sticky":false,"template":"","format":"standard","meta":{"_eb_attr":"","footnotes":""},"categories":[18,16],"tags":[],"class_list":{"0":"post-11654","1":"post","2":"type-post","3":"status-publish","4":"format-standard","5":"has-post-thumbnail","7":"category-cultura","8":"category-noticias"},"_links":{"self":[{"href":"https:\/\/tacuarembo.gub.uy\/index.php?rest_route=\/wp\/v2\/posts\/11654","targetHints":{"allow":["GET"]}}],"collection":[{"href":"https:\/\/tacuarembo.gub.uy\/index.php?rest_route=\/wp\/v2\/posts"}],"about":[{"href":"https:\/\/tacuarembo.gub.uy\/index.php?rest_route=\/wp\/v2\/types\/post"}],"author":[{"embeddable":true,"href":"https:\/\/tacuarembo.gub.uy\/index.php?rest_route=\/wp\/v2\/users\/3"}],"replies":[{"embeddable":true,"href":"https:\/\/tacuarembo.gub.uy\/index.php?rest_route=%2Fwp%2Fv2%2Fcomments&post=11654"}],"version-history":[{"count":1,"href":"https:\/\/tacuarembo.gub.uy\/index.php?rest_route=\/wp\/v2\/posts\/11654\/revisions"}],"predecessor-version":[{"id":11657,"href":"https:\/\/tacuarembo.gub.uy\/index.php?rest_route=\/wp\/v2\/posts\/11654\/revisions\/11657"}],"wp:featuredmedia":[{"embeddable":true,"href":"https:\/\/tacuarembo.gub.uy\/index.php?rest_route=\/wp\/v2\/media\/11679"}],"wp:attachment":[{"href":"https:\/\/tacuarembo.gub.uy\/index.php?rest_route=%2Fwp%2Fv2%2Fmedia&parent=11654"}],"wp:term":[{"taxonomy":"category","embeddable":true,"href":"https:\/\/tacuarembo.gub.uy\/index.php?rest_route=%2Fwp%2Fv2%2Fcategories&post=11654"},{"taxonomy":"post_tag","embeddable":true,"href":"https:\/\/tacuarembo.gub.uy\/index.php?rest_route=%2Fwp%2Fv2%2Ftags&post=11654"}],"curies":[{"name":"wp","href":"https:\/\/api.w.org\/{rel}","templated":true}]}}