{"id":11608,"date":"2021-06-30T15:26:57","date_gmt":"2021-06-30T18:26:57","guid":{"rendered":"https:\/\/tacuarembo.gub.uy\/?p=11608"},"modified":"2021-06-30T16:01:06","modified_gmt":"2021-06-30T19:01:06","slug":"curso-documental-digital","status":"publish","type":"post","link":"https:\/\/tacuarembo.gub.uy\/?p=11608","title":{"rendered":"Curso Documental digital"},"content":{"rendered":"\n<p>La Intendencia de Tacuaremb\u00f3 comparte y apoya informaci\u00f3n, de la Sede Tacuaremb\u00f3 de la Universidad, sobre Curso \u201cGesti\u00f3n Documental Digital: Los Desaf\u00edos de la Administraci\u00f3n Inteligente\u201d, dirigida a egresados de la carrera de Archivolog\u00eda, funcionarios p\u00fablicos y todo profesional interesado en Gesti\u00f3n Documental Digital; en modalidad virtual clases sincr\u00f3nicas a trav\u00e9s de Zoom. Cronograma: encuentros sincr\u00f3nicos los d\u00edas lunes de 18:00 a 20:30 horas, inicio 19\/07\/21, finalizaci\u00f3n 16\/08\/21 con una carga horaria total de 28 horas. Las inscripciones ser\u00e1n hasta el d\u00eda 12 de julio inclusive a trav\u00e9s de formulario online, con un cupo de 40 participantes. Por consultas y m\u00e1s informaci\u00f3n educaci\u00f3n.permanente@cut.edu.uy .<\/p>\n","protected":false},"excerpt":{"rendered":"<p>La Intendencia de Tacuaremb\u00f3 comparte y apoya informaci\u00f3n, de la Sede Tacuaremb\u00f3 de la Universidad, sobre Curso \u201cGesti\u00f3n Documental Digital: Los Desaf\u00edos de la Administraci\u00f3n Inteligente\u201d, dirigida a egresados de la carrera de Archivolog\u00eda, funcionarios p\u00fablicos y todo profesional interesado en Gesti\u00f3n Documental Digital; en modalidad virtual clases sincr\u00f3nicas a trav\u00e9s de Zoom<\/p>\n","protected":false},"author":3,"featured_media":11609,"comment_status":"open","ping_status":"open","sticky":false,"template":"","format":"standard","meta":{"_eb_attr":"","footnotes":""},"categories":[18,16],"tags":[],"class_list":{"0":"post-11608","1":"post","2":"type-post","3":"status-publish","4":"format-standard","5":"has-post-thumbnail","7":"category-cultura","8":"category-noticias"},"_links":{"self":[{"href":"https:\/\/tacuarembo.gub.uy\/index.php?rest_route=\/wp\/v2\/posts\/11608","targetHints":{"allow":["GET"]}}],"collection":[{"href":"https:\/\/tacuarembo.gub.uy\/index.php?rest_route=\/wp\/v2\/posts"}],"about":[{"href":"https:\/\/tacuarembo.gub.uy\/index.php?rest_route=\/wp\/v2\/types\/post"}],"author":[{"embeddable":true,"href":"https:\/\/tacuarembo.gub.uy\/index.php?rest_route=\/wp\/v2\/users\/3"}],"replies":[{"embeddable":true,"href":"https:\/\/tacuarembo.gub.uy\/index.php?rest_route=%2Fwp%2Fv2%2Fcomments&post=11608"}],"version-history":[{"count":1,"href":"https:\/\/tacuarembo.gub.uy\/index.php?rest_route=\/wp\/v2\/posts\/11608\/revisions"}],"predecessor-version":[{"id":11610,"href":"https:\/\/tacuarembo.gub.uy\/index.php?rest_route=\/wp\/v2\/posts\/11608\/revisions\/11610"}],"wp:featuredmedia":[{"embeddable":true,"href":"https:\/\/tacuarembo.gub.uy\/index.php?rest_route=\/wp\/v2\/media\/11609"}],"wp:attachment":[{"href":"https:\/\/tacuarembo.gub.uy\/index.php?rest_route=%2Fwp%2Fv2%2Fmedia&parent=11608"}],"wp:term":[{"taxonomy":"category","embeddable":true,"href":"https:\/\/tacuarembo.gub.uy\/index.php?rest_route=%2Fwp%2Fv2%2Fcategories&post=11608"},{"taxonomy":"post_tag","embeddable":true,"href":"https:\/\/tacuarembo.gub.uy\/index.php?rest_route=%2Fwp%2Fv2%2Ftags&post=11608"}],"curies":[{"name":"wp","href":"https:\/\/api.w.org\/{rel}","templated":true}]}}