{"id":11598,"date":"2021-06-30T15:11:18","date_gmt":"2021-06-30T18:11:18","guid":{"rendered":"https:\/\/tacuarembo.gub.uy\/?p=11598"},"modified":"2024-07-10T17:19:59","modified_gmt":"2024-07-10T20:19:59","slug":"plato-caliente-el-intendente-wilson-ezquerra-acompana-al-ministro-de-defensa-javier-garcia","status":"publish","type":"post","link":"https:\/\/tacuarembo.gub.uy\/?p=11598","title":{"rendered":"Plato Caliente; el Intendente Wilson Ezquerra acompa\u00f1a al Ministro de Defensa Javier Garc\u00eda"},"content":{"rendered":"\n<p>El Intendente Wilson Ezquerra y el Ministro de Defensa Nacional, Dr. Javier Garc\u00eda recorrieron y observaron el proceso de elaboraci\u00f3n del Plato Caliente. En el Regimiento 5to. se cocina para atender unas 400 personas en los barrios Godoy, Santa Isabel y Sant\u00e1ngelo. El todo el departamento la Intendencia de Tacuaremb\u00f3 atiende a 3000 personas en situaci\u00f3n de vulnerabilidad alimentaria.<\/p>\n\n\n\n\t\t<style type=\"text\/css\">\n\t\t\t#gallery-1 {\n\t\t\t\tmargin: auto;\n\t\t\t}\n\t\t\t#gallery-1 .gallery-item {\n\t\t\t\tfloat: left;\n\t\t\t\tmargin-top: 10px;\n\t\t\t\ttext-align: center;\n\t\t\t\twidth: 33%;\n\t\t\t}\n\t\t\t#gallery-1 img {\n\t\t\t\tborder: 2px solid #cfcfcf;\n\t\t\t}\n\t\t\t#gallery-1 .gallery-caption {\n\t\t\t\tmargin-left: 0;\n\t\t\t}\n\t\t\t\/* see gallery_shortcode() in wp-includes\/media.php *\/\n\t\t<\/style>\n\t\t<div id='gallery-1' class='gallery galleryid-11598 gallery-columns-3 gallery-size-full'><dl class='gallery-item'>\n\t\t\t<dt class='gallery-icon landscape'>\n\t\t\t\t<a href='https:\/\/tacuarembo.gub.uy\/?attachment_id=11599'><img loading=\"lazy\" decoding=\"async\" width=\"1600\" height=\"1200\" src=\"https:\/\/tacuarembo.gub.uy\/wp-content\/uploads\/WhatsApp-Image-2021-06-30-at-15.08.22.jpeg\" class=\"attachment-full size-full\" alt=\"\" srcset=\"https:\/\/tacuarembo.gub.uy\/wp-content\/uploads\/WhatsApp-Image-2021-06-30-at-15.08.22.jpeg 1600w, https:\/\/tacuarembo.gub.uy\/wp-content\/uploads\/WhatsApp-Image-2021-06-30-at-15.08.22-768x576.jpeg 768w, https:\/\/tacuarembo.gub.uy\/wp-content\/uploads\/WhatsApp-Image-2021-06-30-at-15.08.22-1536x1152.jpeg 1536w\" sizes=\"auto, (max-width: 1600px) 100vw, 1600px\" \/><\/a>\n\t\t\t<\/dt><\/dl><dl class='gallery-item'>\n\t\t\t<dt class='gallery-icon landscape'>\n\t\t\t\t<a href='https:\/\/tacuarembo.gub.uy\/?attachment_id=11600'><img loading=\"lazy\" decoding=\"async\" width=\"960\" height=\"713\" src=\"https:\/\/tacuarembo.gub.uy\/wp-content\/uploads\/WhatsApp-Image-2021-06-30-at-15.08.211.jpeg\" class=\"attachment-full size-full\" alt=\"\" srcset=\"https:\/\/tacuarembo.gub.uy\/wp-content\/uploads\/WhatsApp-Image-2021-06-30-at-15.08.211.jpeg 960w, https:\/\/tacuarembo.gub.uy\/wp-content\/uploads\/WhatsApp-Image-2021-06-30-at-15.08.211-768x570.jpeg 768w\" sizes=\"auto, (max-width: 960px) 100vw, 960px\" \/><\/a>\n\t\t\t<\/dt><\/dl><dl class='gallery-item'>\n\t\t\t<dt class='gallery-icon landscape'>\n\t\t\t\t<a href='https:\/\/tacuarembo.gub.uy\/?attachment_id=11601'><img loading=\"lazy\" decoding=\"async\" width=\"1440\" height=\"1436\" src=\"https:\/\/tacuarembo.gub.uy\/wp-content\/uploads\/WhatsApp-Image-2021-06-30-at-15.08.21.jpeg\" class=\"attachment-full size-full\" alt=\"\" srcset=\"https:\/\/tacuarembo.gub.uy\/wp-content\/uploads\/WhatsApp-Image-2021-06-30-at-15.08.21.jpeg 1440w, https:\/\/tacuarembo.gub.uy\/wp-content\/uploads\/WhatsApp-Image-2021-06-30-at-15.08.21-768x766.jpeg 768w\" sizes=\"auto, (max-width: 1440px) 100vw, 1440px\" \/><\/a>\n\t\t\t<\/dt><\/dl><br style=\"clear: both\" \/><dl class='gallery-item'>\n\t\t\t<dt class='gallery-icon landscape'>\n\t\t\t\t<a href='https:\/\/tacuarembo.gub.uy\/?attachment_id=11602'><img loading=\"lazy\" decoding=\"async\" width=\"1440\" height=\"1436\" src=\"https:\/\/tacuarembo.gub.uy\/wp-content\/uploads\/WhatsApp-Image-2021-06-30-at-15.08.201.jpeg\" class=\"attachment-full size-full\" alt=\"\" srcset=\"https:\/\/tacuarembo.gub.uy\/wp-content\/uploads\/WhatsApp-Image-2021-06-30-at-15.08.201.jpeg 1440w, https:\/\/tacuarembo.gub.uy\/wp-content\/uploads\/WhatsApp-Image-2021-06-30-at-15.08.201-768x766.jpeg 768w\" sizes=\"auto, (max-width: 1440px) 100vw, 1440px\" \/><\/a>\n\t\t\t<\/dt><\/dl><dl class='gallery-item'>\n\t\t\t<dt class='gallery-icon landscape'>\n\t\t\t\t<a href='https:\/\/tacuarembo.gub.uy\/?attachment_id=11603'><img loading=\"lazy\" decoding=\"async\" width=\"1440\" height=\"1436\" src=\"https:\/\/tacuarembo.gub.uy\/wp-content\/uploads\/WhatsApp-Image-2021-06-30-at-15.08.20.jpeg\" class=\"attachment-full size-full\" alt=\"\" srcset=\"https:\/\/tacuarembo.gub.uy\/wp-content\/uploads\/WhatsApp-Image-2021-06-30-at-15.08.20.jpeg 1440w, https:\/\/tacuarembo.gub.uy\/wp-content\/uploads\/WhatsApp-Image-2021-06-30-at-15.08.20-768x766.jpeg 768w\" sizes=\"auto, (max-width: 1440px) 100vw, 1440px\" \/><\/a>\n\t\t\t<\/dt><\/dl><dl class='gallery-item'>\n\t\t\t<dt class='gallery-icon landscape'>\n\t\t\t\t<a href='https:\/\/tacuarembo.gub.uy\/?attachment_id=11604'><img loading=\"lazy\" decoding=\"async\" width=\"1440\" height=\"1436\" src=\"https:\/\/tacuarembo.gub.uy\/wp-content\/uploads\/WhatsApp-Image-2021-06-30-at-15.08.191.jpeg\" class=\"attachment-full size-full\" alt=\"\" srcset=\"https:\/\/tacuarembo.gub.uy\/wp-content\/uploads\/WhatsApp-Image-2021-06-30-at-15.08.191.jpeg 1440w, https:\/\/tacuarembo.gub.uy\/wp-content\/uploads\/WhatsApp-Image-2021-06-30-at-15.08.191-768x766.jpeg 768w\" sizes=\"auto, (max-width: 1440px) 100vw, 1440px\" \/><\/a>\n\t\t\t<\/dt><\/dl><br style=\"clear: both\" \/><dl class='gallery-item'>\n\t\t\t<dt class='gallery-icon landscape'>\n\t\t\t\t<a href='https:\/\/tacuarembo.gub.uy\/?attachment_id=11605'><img loading=\"lazy\" decoding=\"async\" width=\"1440\" height=\"1436\" src=\"https:\/\/tacuarembo.gub.uy\/wp-content\/uploads\/WhatsApp-Image-2021-06-30-at-15.08.19.jpeg\" class=\"attachment-full size-full\" alt=\"\" srcset=\"https:\/\/tacuarembo.gub.uy\/wp-content\/uploads\/WhatsApp-Image-2021-06-30-at-15.08.19.jpeg 1440w, https:\/\/tacuarembo.gub.uy\/wp-content\/uploads\/WhatsApp-Image-2021-06-30-at-15.08.19-768x766.jpeg 768w\" sizes=\"auto, (max-width: 1440px) 100vw, 1440px\" \/><\/a>\n\t\t\t<\/dt><\/dl>\n\t\t\t<br style='clear: both' \/>\n\t\t<\/div>\n\n\n\n<iframe loading=\"lazy\" src=\"https:\/\/www.youtube.com\/embed\/2boYsDUU528\" title=\"YouTube video player\" allow=\"accelerometer; autoplay; clipboard-write; encrypted-media; gyroscope; picture-in-picture\" allowfullscreen=\"\" width=\"709\" height=\"399\" frameborder=\"0\"><\/iframe>\n","protected":false},"excerpt":{"rendered":"<p>El Intendente Wilson Ezquerra y el Ministro de Defensa Nacional, Dr. Javier Garc\u00eda recorrieron y observaron el proceso de elaboraci\u00f3n del Plato Caliente.<\/p>\n","protected":false},"author":3,"featured_media":11599,"comment_status":"open","ping_status":"open","sticky":false,"template":"","format":"standard","meta":{"_eb_attr":"","footnotes":""},"categories":[19,16],"tags":[],"class_list":{"0":"post-11598","1":"post","2":"type-post","3":"status-publish","4":"format-standard","5":"has-post-thumbnail","7":"category-didesol","8":"category-noticias"},"_links":{"self":[{"href":"https:\/\/tacuarembo.gub.uy\/index.php?rest_route=\/wp\/v2\/posts\/11598","targetHints":{"allow":["GET"]}}],"collection":[{"href":"https:\/\/tacuarembo.gub.uy\/index.php?rest_route=\/wp\/v2\/posts"}],"about":[{"href":"https:\/\/tacuarembo.gub.uy\/index.php?rest_route=\/wp\/v2\/types\/post"}],"author":[{"embeddable":true,"href":"https:\/\/tacuarembo.gub.uy\/index.php?rest_route=\/wp\/v2\/users\/3"}],"replies":[{"embeddable":true,"href":"https:\/\/tacuarembo.gub.uy\/index.php?rest_route=%2Fwp%2Fv2%2Fcomments&post=11598"}],"version-history":[{"count":5,"href":"https:\/\/tacuarembo.gub.uy\/index.php?rest_route=\/wp\/v2\/posts\/11598\/revisions"}],"predecessor-version":[{"id":26411,"href":"https:\/\/tacuarembo.gub.uy\/index.php?rest_route=\/wp\/v2\/posts\/11598\/revisions\/26411"}],"wp:featuredmedia":[{"embeddable":true,"href":"https:\/\/tacuarembo.gub.uy\/index.php?rest_route=\/wp\/v2\/media\/11599"}],"wp:attachment":[{"href":"https:\/\/tacuarembo.gub.uy\/index.php?rest_route=%2Fwp%2Fv2%2Fmedia&parent=11598"}],"wp:term":[{"taxonomy":"category","embeddable":true,"href":"https:\/\/tacuarembo.gub.uy\/index.php?rest_route=%2Fwp%2Fv2%2Fcategories&post=11598"},{"taxonomy":"post_tag","embeddable":true,"href":"https:\/\/tacuarembo.gub.uy\/index.php?rest_route=%2Fwp%2Fv2%2Ftags&post=11598"}],"curies":[{"name":"wp","href":"https:\/\/api.w.org\/{rel}","templated":true}]}}