{"id":11565,"date":"2021-06-23T21:05:16","date_gmt":"2021-06-24T00:05:16","guid":{"rendered":"https:\/\/tacuarembo.gub.uy\/?p=11565"},"modified":"2021-06-24T08:31:05","modified_gmt":"2021-06-24T11:31:05","slug":"recordamos-al-prof-gustavo-alamon","status":"publish","type":"post","link":"https:\/\/tacuarembo.gub.uy\/?p=11565","title":{"rendered":"Recordamos al Prof. Gustavo Alam\u00f3n"},"content":{"rendered":"\n<p>A un a\u00f1o de su partida desde la Casa de la Cultura recordamos al Prof. Gustavo Alam\u00f3n a un a\u00f1o de su partida repasando su amplia trayectoria y con un emotivo mensaje de una de sus alumnas la Dra. Marnels Ferreira.<\/p>\n\n\n\n<iframe loading=\"lazy\" width=\"709\" height=\"399\" src=\"https:\/\/www.youtube.com\/embed\/NQwUCAQZfQc\" title=\"YouTube video player\" frameborder=\"0\" allow=\"accelerometer; autoplay; clipboard-write; encrypted-media; gyroscope; picture-in-picture\" allowfullscreen><\/iframe>\n","protected":false},"excerpt":{"rendered":"<p>A un a\u00f1o de su partida desde la Casa de la Cultura recordamos al Prof. Gustavo Alam\u00f3n a un a\u00f1o de su partida repasando su amplia trayectoria y con un emotivo mensaje de una de sus alumnas la Dra. Marnels Ferreira<\/p>\n","protected":false},"author":3,"featured_media":11566,"comment_status":"open","ping_status":"open","sticky":false,"template":"","format":"standard","meta":{"_eb_attr":"","footnotes":""},"categories":[16],"tags":[],"class_list":{"0":"post-11565","1":"post","2":"type-post","3":"status-publish","4":"format-standard","5":"has-post-thumbnail","7":"category-noticias"},"_links":{"self":[{"href":"https:\/\/tacuarembo.gub.uy\/index.php?rest_route=\/wp\/v2\/posts\/11565","targetHints":{"allow":["GET"]}}],"collection":[{"href":"https:\/\/tacuarembo.gub.uy\/index.php?rest_route=\/wp\/v2\/posts"}],"about":[{"href":"https:\/\/tacuarembo.gub.uy\/index.php?rest_route=\/wp\/v2\/types\/post"}],"author":[{"embeddable":true,"href":"https:\/\/tacuarembo.gub.uy\/index.php?rest_route=\/wp\/v2\/users\/3"}],"replies":[{"embeddable":true,"href":"https:\/\/tacuarembo.gub.uy\/index.php?rest_route=%2Fwp%2Fv2%2Fcomments&post=11565"}],"version-history":[{"count":2,"href":"https:\/\/tacuarembo.gub.uy\/index.php?rest_route=\/wp\/v2\/posts\/11565\/revisions"}],"predecessor-version":[{"id":11568,"href":"https:\/\/tacuarembo.gub.uy\/index.php?rest_route=\/wp\/v2\/posts\/11565\/revisions\/11568"}],"wp:featuredmedia":[{"embeddable":true,"href":"https:\/\/tacuarembo.gub.uy\/index.php?rest_route=\/wp\/v2\/media\/11566"}],"wp:attachment":[{"href":"https:\/\/tacuarembo.gub.uy\/index.php?rest_route=%2Fwp%2Fv2%2Fmedia&parent=11565"}],"wp:term":[{"taxonomy":"category","embeddable":true,"href":"https:\/\/tacuarembo.gub.uy\/index.php?rest_route=%2Fwp%2Fv2%2Fcategories&post=11565"},{"taxonomy":"post_tag","embeddable":true,"href":"https:\/\/tacuarembo.gub.uy\/index.php?rest_route=%2Fwp%2Fv2%2Ftags&post=11565"}],"curies":[{"name":"wp","href":"https:\/\/api.w.org\/{rel}","templated":true}]}}