{"id":11537,"date":"2021-06-21T15:50:23","date_gmt":"2021-06-21T18:50:23","guid":{"rendered":"https:\/\/tacuarembo.gub.uy\/?p=11537"},"modified":"2021-06-28T14:56:48","modified_gmt":"2021-06-28T17:56:48","slug":"ofrenda-floral-en-el-dia-del-natalicio-de-jose-artigas","status":"publish","type":"post","link":"https:\/\/tacuarembo.gub.uy\/?p=11537","title":{"rendered":"Ofrenda Floral en el D\u00eda del Natalicio de Jos\u00e9 Artigas"},"content":{"rendered":"\n<p>En Plaza 19 de abril se procedi\u00f3 el pasado s\u00e1bado 19 de junio a depositar una ofrenda floral al pie del Monumento al Pr\u00f3cer en el d\u00eda del 257 aniversario de su nacimiento. El Intendente Wilson Ezquerra estuvo acompa\u00f1ado por el Comandante de la Divisi\u00f3n Ejercito III, Gral. Jos\u00e9 Mart\u00ednez, el Jefe del Regimiento 5to. Tte. Cnel. Fernando Cruz, el Sub Jefe de Polic\u00eda, L\u00edber Monteluna y el Presidente de la Junta Departamental de Tacuaremb\u00f3 Gonzalo Dutra. El toque de silencio estuvo a cargo del m\u00fasico trompetista del Ministerio de Defensa, Regimiento Misiones de Caballer\u00eda Blindado Nro. 5. Recordamos que el mensaje se comparti\u00f3 de forma virtual por las plataformas digitales de la Intendencia y medios de comunicaci\u00f3n del departamento y el izado y arriado de pabellones patrios estuvo a cargo de la Jefatura de Polic\u00eda de Tacuaremb\u00f3.<\/p>\n\n\n\n<iframe loading=\"lazy\" src=\"https:\/\/www.youtube.com\/embed\/WEBOKLt47Yw\" title=\"YouTube video player\" allow=\"accelerometer; autoplay; clipboard-write; encrypted-media; gyroscope; picture-in-picture\" allowfullscreen=\"\" width=\"709\" height=\"399\" frameborder=\"0\"><\/iframe>\n\n<iframe loading=\"lazy\" src=\"https:\/\/www.youtube.com\/embed\/JJptITzHXrs\" title=\"YouTube video player\" allow=\"accelerometer; autoplay; clipboard-write; encrypted-media; gyroscope; picture-in-picture\" allowfullscreen=\"\" width=\"592\" height=\"399\" frameborder=\"0\"><\/iframe>\n\n<iframe loading=\"lazy\" src=\"https:\/\/www.youtube.com\/embed\/WEBOKLt47Yw\" title=\"YouTube video player\" allow=\"accelerometer; autoplay; clipboard-write; encrypted-media; gyroscope; picture-in-picture\" allowfullscreen=\"\" width=\"709\" height=\"399\" frameborder=\"0\"><\/iframe>\n","protected":false},"excerpt":{"rendered":"<p>En Plaza 19 de abril se procedi\u00f3 el pasado s\u00e1bado 19 de junio a depositar una ofrenda floral al pie del Monumento al Pr\u00f3cer en el d\u00eda del 257 aniversario de su nacimiento. El Intendente Wilson Ezquerra estuvo acompa\u00f1ado por el Comandante de la Divisi\u00f3n Ejercito III, Gral. Jos\u00e9 Mart\u00ednez, el Jefe del Regimiento 5to. Tte. Cnel. Fernando Cruz, el Sub Jefe de Polic\u00eda, L\u00edber Monteluna y el Presidente de la Junta Departamental de Tacuaremb\u00f3 Gonzalo Dutra<\/p>\n","protected":false},"author":3,"featured_media":11538,"comment_status":"open","ping_status":"open","sticky":false,"template":"","format":"standard","meta":{"_eb_attr":"","footnotes":""},"categories":[16],"tags":[],"class_list":{"0":"post-11537","1":"post","2":"type-post","3":"status-publish","4":"format-standard","5":"has-post-thumbnail","7":"category-noticias"},"_links":{"self":[{"href":"https:\/\/tacuarembo.gub.uy\/index.php?rest_route=\/wp\/v2\/posts\/11537","targetHints":{"allow":["GET"]}}],"collection":[{"href":"https:\/\/tacuarembo.gub.uy\/index.php?rest_route=\/wp\/v2\/posts"}],"about":[{"href":"https:\/\/tacuarembo.gub.uy\/index.php?rest_route=\/wp\/v2\/types\/post"}],"author":[{"embeddable":true,"href":"https:\/\/tacuarembo.gub.uy\/index.php?rest_route=\/wp\/v2\/users\/3"}],"replies":[{"embeddable":true,"href":"https:\/\/tacuarembo.gub.uy\/index.php?rest_route=%2Fwp%2Fv2%2Fcomments&post=11537"}],"version-history":[{"count":2,"href":"https:\/\/tacuarembo.gub.uy\/index.php?rest_route=\/wp\/v2\/posts\/11537\/revisions"}],"predecessor-version":[{"id":11544,"href":"https:\/\/tacuarembo.gub.uy\/index.php?rest_route=\/wp\/v2\/posts\/11537\/revisions\/11544"}],"wp:featuredmedia":[{"embeddable":true,"href":"https:\/\/tacuarembo.gub.uy\/index.php?rest_route=\/wp\/v2\/media\/11538"}],"wp:attachment":[{"href":"https:\/\/tacuarembo.gub.uy\/index.php?rest_route=%2Fwp%2Fv2%2Fmedia&parent=11537"}],"wp:term":[{"taxonomy":"category","embeddable":true,"href":"https:\/\/tacuarembo.gub.uy\/index.php?rest_route=%2Fwp%2Fv2%2Fcategories&post=11537"},{"taxonomy":"post_tag","embeddable":true,"href":"https:\/\/tacuarembo.gub.uy\/index.php?rest_route=%2Fwp%2Fv2%2Ftags&post=11537"}],"curies":[{"name":"wp","href":"https:\/\/api.w.org\/{rel}","templated":true}]}}