{"id":11531,"date":"2021-06-19T15:08:50","date_gmt":"2021-06-19T18:08:50","guid":{"rendered":"https:\/\/tacuarembo.gub.uy\/?p=11531"},"modified":"2021-06-28T14:53:32","modified_gmt":"2021-06-28T17:53:32","slug":"plato-caliente-en-villa-caraguata-y-paso-del-cerro","status":"publish","type":"post","link":"https:\/\/tacuarembo.gub.uy\/?p=11531","title":{"rendered":"Plato Caliente en Villa Caraguat\u00e1 y Paso del Cerro"},"content":{"rendered":"\n<p>Tal lo anunciado por el Intendente Wilson Ezquerra desde el inicio de este programa que atiende a personas en situaciones de vulnerabilidad alimentaria, este lunes se pone en marcha el servicio en Villa Caraguat\u00e1 atendiendo a unas 250 personas y en Paso del Cerro a unas 130 con el Plato Caliente, complementando lo que ya se viene haciendo. Tambi\u00e9n cabe destacar que se estar\u00e1 llegando a diferentes zonas rurales con canastas de alimentos desde la pr\u00f3xima semana. El Intendente Wilson Ezquerra se\u00f1al\u00f3 que en la actualidad unas 3500 personas est\u00e1n recibiendo el servicio de plato caliente en todo el departamento.<\/p>\n","protected":false},"excerpt":{"rendered":"<p>Tal lo anunciado por el Intendente Wilson Ezquerra desde el inicio de este programa que atiende a personas en situaciones de vulnerabilidad alimentaria, este lunes se pone en marcha el servicio en Villa Caraguat\u00e1 atendiendo a unas 250 personas y en Paso del Cerro a unas 130 con el Plato Caliente, complementando lo que ya se viene haciendo<\/p>\n","protected":false},"author":3,"featured_media":11532,"comment_status":"open","ping_status":"open","sticky":false,"template":"","format":"standard","meta":{"_eb_attr":"","footnotes":""},"categories":[16],"tags":[],"class_list":{"0":"post-11531","1":"post","2":"type-post","3":"status-publish","4":"format-standard","5":"has-post-thumbnail","7":"category-noticias"},"_links":{"self":[{"href":"https:\/\/tacuarembo.gub.uy\/index.php?rest_route=\/wp\/v2\/posts\/11531","targetHints":{"allow":["GET"]}}],"collection":[{"href":"https:\/\/tacuarembo.gub.uy\/index.php?rest_route=\/wp\/v2\/posts"}],"about":[{"href":"https:\/\/tacuarembo.gub.uy\/index.php?rest_route=\/wp\/v2\/types\/post"}],"author":[{"embeddable":true,"href":"https:\/\/tacuarembo.gub.uy\/index.php?rest_route=\/wp\/v2\/users\/3"}],"replies":[{"embeddable":true,"href":"https:\/\/tacuarembo.gub.uy\/index.php?rest_route=%2Fwp%2Fv2%2Fcomments&post=11531"}],"version-history":[{"count":1,"href":"https:\/\/tacuarembo.gub.uy\/index.php?rest_route=\/wp\/v2\/posts\/11531\/revisions"}],"predecessor-version":[{"id":11533,"href":"https:\/\/tacuarembo.gub.uy\/index.php?rest_route=\/wp\/v2\/posts\/11531\/revisions\/11533"}],"wp:featuredmedia":[{"embeddable":true,"href":"https:\/\/tacuarembo.gub.uy\/index.php?rest_route=\/wp\/v2\/media\/11532"}],"wp:attachment":[{"href":"https:\/\/tacuarembo.gub.uy\/index.php?rest_route=%2Fwp%2Fv2%2Fmedia&parent=11531"}],"wp:term":[{"taxonomy":"category","embeddable":true,"href":"https:\/\/tacuarembo.gub.uy\/index.php?rest_route=%2Fwp%2Fv2%2Fcategories&post=11531"},{"taxonomy":"post_tag","embeddable":true,"href":"https:\/\/tacuarembo.gub.uy\/index.php?rest_route=%2Fwp%2Fv2%2Ftags&post=11531"}],"curies":[{"name":"wp","href":"https:\/\/api.w.org\/{rel}","templated":true}]}}