{"id":11509,"date":"2021-06-17T15:12:34","date_gmt":"2021-06-17T18:12:34","guid":{"rendered":"https:\/\/tacuarembo.gub.uy\/?p=11509"},"modified":"2021-06-17T15:12:34","modified_gmt":"2021-06-17T18:12:34","slug":"valentino-aliano-numero-1-del-tenis-en-su-categoria-representara-a-uruguay-en-paraguay-desde-el-21-de-junio-en-un-nuevo-torneo-internacional","status":"publish","type":"post","link":"https:\/\/tacuarembo.gub.uy\/?p=11509","title":{"rendered":"Valentino Aliano, n\u00famero 1 del Tenis en su categor\u00eda. representar\u00e1 a Uruguay en Paraguay desde el 21 de junio, en un nuevo torneo internacional"},"content":{"rendered":"\r\n<p>Acompa\u00f1ado por su entrenador el Lic. Federico Moggia con quien a entrenado muy duro para llegar en las mejores condiciones siempre con la rojiblanca en el alma, viaja con la ilusi\u00f3n de seguir creciendo en esta especialidad deportiva y sobre todo sumando experiencia. Desde la Direcci\u00f3n de Deporte, recibi\u00f3 el saludo y deseo de \u00e9xitos del Intendente Departamental. Wilson Ezquerra a trav\u00e9s del Prof. Mat\u00edas Grizzutti.<\/p>\r\n","protected":false},"excerpt":{"rendered":"<p><!-- wp:paragraph --><\/p>\n<p>Acompa\u00f1ado por su entrenador el Lic. Federico Moggia con quien a entrenado muy duro para llegar en las mejores condiciones siempre con la rojiblanca en el alma, viaja con la ilusi\u00f3n de seguir creciendo en esta especialidad deportiva y sobre todo sumando experiencia. Desde la Direcci\u00f3n de Deporte, recibi\u00f3 el saludo y deseo de \u00e9xitos del Intendente Departamental. Wilson Ezquerra a trav\u00e9s del Prof. Mat\u00edas Grizzutti.<\/p>\n<p><!-- \/wp:paragraph --><\/p>\n","protected":false},"author":3,"featured_media":11510,"comment_status":"open","ping_status":"open","sticky":false,"template":"","format":"standard","meta":{"_eb_attr":"","footnotes":""},"categories":[31],"tags":[],"class_list":{"0":"post-11509","1":"post","2":"type-post","3":"status-publish","4":"format-standard","5":"has-post-thumbnail","7":"category-deportes"},"_links":{"self":[{"href":"https:\/\/tacuarembo.gub.uy\/index.php?rest_route=\/wp\/v2\/posts\/11509","targetHints":{"allow":["GET"]}}],"collection":[{"href":"https:\/\/tacuarembo.gub.uy\/index.php?rest_route=\/wp\/v2\/posts"}],"about":[{"href":"https:\/\/tacuarembo.gub.uy\/index.php?rest_route=\/wp\/v2\/types\/post"}],"author":[{"embeddable":true,"href":"https:\/\/tacuarembo.gub.uy\/index.php?rest_route=\/wp\/v2\/users\/3"}],"replies":[{"embeddable":true,"href":"https:\/\/tacuarembo.gub.uy\/index.php?rest_route=%2Fwp%2Fv2%2Fcomments&post=11509"}],"version-history":[{"count":1,"href":"https:\/\/tacuarembo.gub.uy\/index.php?rest_route=\/wp\/v2\/posts\/11509\/revisions"}],"predecessor-version":[{"id":11511,"href":"https:\/\/tacuarembo.gub.uy\/index.php?rest_route=\/wp\/v2\/posts\/11509\/revisions\/11511"}],"wp:featuredmedia":[{"embeddable":true,"href":"https:\/\/tacuarembo.gub.uy\/index.php?rest_route=\/wp\/v2\/media\/11510"}],"wp:attachment":[{"href":"https:\/\/tacuarembo.gub.uy\/index.php?rest_route=%2Fwp%2Fv2%2Fmedia&parent=11509"}],"wp:term":[{"taxonomy":"category","embeddable":true,"href":"https:\/\/tacuarembo.gub.uy\/index.php?rest_route=%2Fwp%2Fv2%2Fcategories&post=11509"},{"taxonomy":"post_tag","embeddable":true,"href":"https:\/\/tacuarembo.gub.uy\/index.php?rest_route=%2Fwp%2Fv2%2Ftags&post=11509"}],"curies":[{"name":"wp","href":"https:\/\/api.w.org\/{rel}","templated":true}]}}