{"id":11501,"date":"2021-06-16T20:42:00","date_gmt":"2021-06-16T23:42:00","guid":{"rendered":"https:\/\/tacuarembo.gub.uy\/?p=11501"},"modified":"2021-06-16T23:01:01","modified_gmt":"2021-06-17T02:01:01","slug":"el-hogar-universitario-de-tacuarembo-en-montevideo-cumplio-este-16-de-junio-medio-siglo-de-vida","status":"publish","type":"post","link":"https:\/\/tacuarembo.gub.uy\/?p=11501","title":{"rendered":"El Hogar Universitario de Tacuaremb\u00f3 en Montevideo, cumpli\u00f3 este 16 de junio, medio siglo de vida"},"content":{"rendered":"\n<p>Fue fundado en el a\u00f1o 1971 por el entonces intendente Don Pedro Mar\u00eda Chiesa en el marco del desaf\u00edo de fomentar el desarrollo econ\u00f3mico e intelectual del departamento disponiendo de los recursos necesarios para esta concreci\u00f3n, en una clara apuesta a la Educaci\u00f3n.<br>En ese entonces se adquiri\u00f3 una hermosa casa en Avenida 8 de octubre para que se instale este nuevo hogar, que recibi\u00f3 a decenas de estudiantes tacuaremboenses, que llegaban a la capital para acrecentar su formaci\u00f3n, eligiendo diversas carreras universitarias, los cuales una vez concluidos sus estudios pasaban a desarrollar su profesi\u00f3n en el departamento.<br>En ese momento con recursos de la Intendencia m\u00e1s un aporte mediante colecta popular se logr\u00f3 comprar el inmueble.<br>Pasaron 50 a\u00f1os ininterrumpidos y la Intendencia ha mantenido este desaf\u00edo como pol\u00edtica departamental consolidada, con recursos para mantener los locales, con becas otorgadas siendo ese faro que le ha permitido cambiar el rumbo a varias generaciones, siendo miles, los j\u00f3venes que han culminado sus estudios, transformando sus propias vidas y la de sus familias.<br>En la actualidad son 60 las becas asignadas que se dividen en la casa de Orestes Ara\u00fajo y una Residencia Privada, que mantiene la Intendencia mediante licitaci\u00f3n p\u00fablica con 28 becas, todo lo cual lleva un esfuerzo de gesti\u00f3n importante para mantener el servicio pensando siempre en dar esas herramientas tan necesarias para los estudiantes de menores recursos, pilar de igualdad en todo este tiempo ayud\u00e1ndolos a conquistar sus sue\u00f1os.<br>Funcionarios, familias y estudiantes a diario ponen lo suyo para que este desaf\u00edo de la Intendencia sea cada vez m\u00e1s realidad. Este Hogar est\u00e1 bajo la \u00f3rbita de la Direcci\u00f3n General de Desarrollo Social, lo dirige en la actualidad, Alba Montes de Oca.<br>Todos coincidimos, que este medio siglo de existencia del Hogar Universitario en Montevideo se ha caracterizado por la magia de \u201cPensar en grande, creer en el progreso y llevar a la pr\u00e1ctica, buenas ideas\u201d.<br>Los tiempos cambian y ese sentimiento, visi\u00f3n de \u00e9poca, nos hace ver diversas realidades y concreciones como la llegada de la Universidad al norte del Pa\u00eds y la flamante Residencia Universitaria a punto de concretarse, una idea de nuestro intendente Wilson Ezquerra, proyecto y recursos del departamento con la Intendencia protagonista del desarrollo de su gente y su pueblo, construcci\u00f3n ejecutada por los ex \u2013 intendentes Eber Da Rosa y Jos\u00e9 O. Men\u00e9ndez.<br>Larga vida al Hogar Universitario de Tacuaremb\u00f3 en Montevideo y bienvenidos los desaf\u00edos para la formaci\u00f3n, crecimiento y desarrollo de nuestras nuevas generaciones.<\/p>\n\n\n\n<p>Las fotograf\u00edas que respaldan este art\u00edculo son actuales. Junio 2021.<\/p>\n\n\n\n\t\t<style type=\"text\/css\">\n\t\t\t#gallery-1 {\n\t\t\t\tmargin: auto;\n\t\t\t}\n\t\t\t#gallery-1 .gallery-item {\n\t\t\t\tfloat: left;\n\t\t\t\tmargin-top: 10px;\n\t\t\t\ttext-align: center;\n\t\t\t\twidth: 33%;\n\t\t\t}\n\t\t\t#gallery-1 img {\n\t\t\t\tborder: 2px solid #cfcfcf;\n\t\t\t}\n\t\t\t#gallery-1 .gallery-caption {\n\t\t\t\tmargin-left: 0;\n\t\t\t}\n\t\t\t\/* see gallery_shortcode() in wp-includes\/media.php *\/\n\t\t<\/style>\n\t\t<div id='gallery-1' class='gallery galleryid-11501 gallery-columns-3 gallery-size-thumbnail'><dl class='gallery-item'>\n\t\t\t<dt class='gallery-icon landscape'>\n\t\t\t\t<a href='https:\/\/tacuarembo.gub.uy\/?attachment_id=11502'><img loading=\"lazy\" decoding=\"async\" width=\"200\" height=\"140\" src=\"https:\/\/tacuarembo.gub.uy\/wp-content\/uploads\/IMG-20210616-WA0045-200x140.jpg\" class=\"attachment-thumbnail size-thumbnail\" alt=\"\" \/><\/a>\n\t\t\t<\/dt><\/dl><dl class='gallery-item'>\n\t\t\t<dt class='gallery-icon landscape'>\n\t\t\t\t<a href='https:\/\/tacuarembo.gub.uy\/?attachment_id=11503'><img loading=\"lazy\" decoding=\"async\" width=\"200\" height=\"140\" src=\"https:\/\/tacuarembo.gub.uy\/wp-content\/uploads\/IMG-20210616-WA0044-200x140.jpg\" class=\"attachment-thumbnail size-thumbnail\" alt=\"\" \/><\/a>\n\t\t\t<\/dt><\/dl><dl class='gallery-item'>\n\t\t\t<dt class='gallery-icon landscape'>\n\t\t\t\t<a href='https:\/\/tacuarembo.gub.uy\/?attachment_id=11504'><img loading=\"lazy\" decoding=\"async\" width=\"200\" height=\"140\" src=\"https:\/\/tacuarembo.gub.uy\/wp-content\/uploads\/IMG-20210616-WA0043-200x140.jpg\" class=\"attachment-thumbnail size-thumbnail\" alt=\"\" \/><\/a>\n\t\t\t<\/dt><\/dl><br style=\"clear: both\" \/>\n\t\t<\/div>\n","protected":false},"excerpt":{"rendered":"<p>Fue fundado en el a\u00f1o 1971 por el entonces intendente Don Pedro Mar\u00eda Chiesa en el marco del desaf\u00edo de fomentar el desarrollo econ\u00f3mico e intelectual del departamento disponiendo de los recursos necesarios para esta concreci\u00f3n, en una clara apuesta a la Educaci\u00f3n<\/p>\n","protected":false},"author":3,"featured_media":11504,"comment_status":"open","ping_status":"open","sticky":false,"template":"","format":"standard","meta":{"_eb_attr":"","footnotes":""},"categories":[19,16],"tags":[],"class_list":{"0":"post-11501","1":"post","2":"type-post","3":"status-publish","4":"format-standard","5":"has-post-thumbnail","7":"category-didesol","8":"category-noticias"},"_links":{"self":[{"href":"https:\/\/tacuarembo.gub.uy\/index.php?rest_route=\/wp\/v2\/posts\/11501","targetHints":{"allow":["GET"]}}],"collection":[{"href":"https:\/\/tacuarembo.gub.uy\/index.php?rest_route=\/wp\/v2\/posts"}],"about":[{"href":"https:\/\/tacuarembo.gub.uy\/index.php?rest_route=\/wp\/v2\/types\/post"}],"author":[{"embeddable":true,"href":"https:\/\/tacuarembo.gub.uy\/index.php?rest_route=\/wp\/v2\/users\/3"}],"replies":[{"embeddable":true,"href":"https:\/\/tacuarembo.gub.uy\/index.php?rest_route=%2Fwp%2Fv2%2Fcomments&post=11501"}],"version-history":[{"count":1,"href":"https:\/\/tacuarembo.gub.uy\/index.php?rest_route=\/wp\/v2\/posts\/11501\/revisions"}],"predecessor-version":[{"id":11505,"href":"https:\/\/tacuarembo.gub.uy\/index.php?rest_route=\/wp\/v2\/posts\/11501\/revisions\/11505"}],"wp:featuredmedia":[{"embeddable":true,"href":"https:\/\/tacuarembo.gub.uy\/index.php?rest_route=\/wp\/v2\/media\/11504"}],"wp:attachment":[{"href":"https:\/\/tacuarembo.gub.uy\/index.php?rest_route=%2Fwp%2Fv2%2Fmedia&parent=11501"}],"wp:term":[{"taxonomy":"category","embeddable":true,"href":"https:\/\/tacuarembo.gub.uy\/index.php?rest_route=%2Fwp%2Fv2%2Fcategories&post=11501"},{"taxonomy":"post_tag","embeddable":true,"href":"https:\/\/tacuarembo.gub.uy\/index.php?rest_route=%2Fwp%2Fv2%2Ftags&post=11501"}],"curies":[{"name":"wp","href":"https:\/\/api.w.org\/{rel}","templated":true}]}}