{"id":11468,"date":"2021-06-15T16:13:49","date_gmt":"2021-06-15T19:13:49","guid":{"rendered":"https:\/\/tacuarembo.gub.uy\/?p=11468"},"modified":"2021-06-15T18:33:26","modified_gmt":"2021-06-15T21:33:26","slug":"el-atleta-andres-silva-visito-al-intendente-wilson-ezquerra-para-informarle-sobre-su-sueno-de-llegar-a-los-juegos-olimpicos","status":"publish","type":"post","link":"https:\/\/tacuarembo.gub.uy\/?p=11468","title":{"rendered":"El atleta Andr\u00e9s Silva visit\u00f3 al Intendente Wilson Ezquerra para informarle sobre su sue\u00f1o de llegar a los Juegos Ol\u00edmpicos"},"content":{"rendered":"\n<p><br>La ma\u00f1ana del s\u00e1bado 12 de junio fue distinta, lleg\u00f3 a su ciudad natal el atleta Andr\u00e9s Silva para reunirse con el Intendente Wilson Ezquerra, contarle sobre su sue\u00f1o de llegar a los Juegos Ol\u00edmpicos, las etapas clasificatorias que le quedan y esas ganas de seguir compitiendo representando a su Tacuaremb\u00f3. Anunci\u00f3 que tiene la intenci\u00f3n luego de cumplido este desaf\u00edo de poder retirarse de la pr\u00e1ctica activa y poder trabajar en la formaci\u00f3n de nuevas generaciones de atletas con ni\u00f1os y adolescentes a trav\u00e9s del mecanismo de una fundaci\u00f3n que le permita impulsar ese objetivo y desarrollarlo siendo duradero en el tiempo. En su agenda tambi\u00e9n visit\u00f3 a sus afectos m\u00e1s cercanos en la ciudad y en todo momento estuvo respaldado por los referentes de la Federaci\u00f3n Atl\u00e9tica de Tacuaremb\u00f3 y la Direcci\u00f3n de Deportes, liderada por el Prof. Mathias Grizutti.<\/p>\n\n\n\n<iframe loading=\"lazy\" src=\"https:\/\/www.youtube.com\/embed\/5i_ipCCDAkU\" title=\"YouTube video player\" allow=\"accelerometer; autoplay; clipboard-write; encrypted-media; gyroscope; picture-in-picture\" allowfullscreen=\"\" width=\"709\" height=\"399\" frameborder=\"0\"><\/iframe>\n\n\n\n\t\t<style type=\"text\/css\">\n\t\t\t#gallery-1 {\n\t\t\t\tmargin: auto;\n\t\t\t}\n\t\t\t#gallery-1 .gallery-item {\n\t\t\t\tfloat: left;\n\t\t\t\tmargin-top: 10px;\n\t\t\t\ttext-align: center;\n\t\t\t\twidth: 33%;\n\t\t\t}\n\t\t\t#gallery-1 img {\n\t\t\t\tborder: 2px solid #cfcfcf;\n\t\t\t}\n\t\t\t#gallery-1 .gallery-caption {\n\t\t\t\tmargin-left: 0;\n\t\t\t}\n\t\t\t\/* see gallery_shortcode() in wp-includes\/media.php *\/\n\t\t<\/style>\n\t\t<div id='gallery-1' class='gallery galleryid-11468 gallery-columns-3 gallery-size-thumbnail'><dl class='gallery-item'>\n\t\t\t<dt class='gallery-icon landscape'>\n\t\t\t\t<a href='https:\/\/tacuarembo.gub.uy\/?attachment_id=11472'><img loading=\"lazy\" decoding=\"async\" width=\"200\" height=\"140\" src=\"https:\/\/tacuarembo.gub.uy\/wp-content\/uploads\/WhatsApp-Image-2021-06-15-at-16.00.18-200x140.jpeg\" class=\"attachment-thumbnail size-thumbnail\" alt=\"\" \/><\/a>\n\t\t\t<\/dt><\/dl><dl class='gallery-item'>\n\t\t\t<dt class='gallery-icon landscape'>\n\t\t\t\t<a href='https:\/\/tacuarembo.gub.uy\/?attachment_id=11474'><img loading=\"lazy\" decoding=\"async\" width=\"200\" height=\"140\" src=\"https:\/\/tacuarembo.gub.uy\/wp-content\/uploads\/WhatsApp-Image-2021-06-15-at-15.59.34-200x140.jpeg\" class=\"attachment-thumbnail size-thumbnail\" alt=\"\" \/><\/a>\n\t\t\t<\/dt><\/dl><dl class='gallery-item'>\n\t\t\t<dt class='gallery-icon landscape'>\n\t\t\t\t<a href='https:\/\/tacuarembo.gub.uy\/?attachment_id=11471'><img loading=\"lazy\" decoding=\"async\" width=\"200\" height=\"140\" src=\"https:\/\/tacuarembo.gub.uy\/wp-content\/uploads\/WhatsApp-Image-2021-06-15-at-16.00.181-200x140.jpeg\" class=\"attachment-thumbnail size-thumbnail\" alt=\"\" \/><\/a>\n\t\t\t<\/dt><\/dl><br style=\"clear: both\" \/><dl class='gallery-item'>\n\t\t\t<dt class='gallery-icon landscape'>\n\t\t\t\t<a href='https:\/\/tacuarembo.gub.uy\/?attachment_id=11470'><img loading=\"lazy\" decoding=\"async\" width=\"200\" height=\"140\" src=\"https:\/\/tacuarembo.gub.uy\/wp-content\/uploads\/WhatsApp-Image-2021-06-15-at-16.00.19-200x140.jpeg\" class=\"attachment-thumbnail size-thumbnail\" alt=\"\" \/><\/a>\n\t\t\t<\/dt><\/dl>\n\t\t\t<br style='clear: both' \/>\n\t\t<\/div>\n","protected":false},"excerpt":{"rendered":"<p>La ma\u00f1ana del s\u00e1bado 12 de junio fue distinta, lleg\u00f3 a su ciudad natal el atleta Andr\u00e9s Silva para reunirse con el Intendente Wilson Ezquerra, contarle sobre su sue\u00f1o de llegar a los Juegos Ol\u00edmpicos, las etapas clasificatorias que le quedan y esas ganas de seguir compitiendo representando a su Tacuaremb\u00f3<\/p>\n","protected":false},"author":3,"featured_media":11471,"comment_status":"open","ping_status":"open","sticky":false,"template":"","format":"standard","meta":{"_eb_attr":"","footnotes":""},"categories":[31,16],"tags":[],"class_list":{"0":"post-11468","1":"post","2":"type-post","3":"status-publish","4":"format-standard","5":"has-post-thumbnail","7":"category-deportes","8":"category-noticias"},"_links":{"self":[{"href":"https:\/\/tacuarembo.gub.uy\/index.php?rest_route=\/wp\/v2\/posts\/11468","targetHints":{"allow":["GET"]}}],"collection":[{"href":"https:\/\/tacuarembo.gub.uy\/index.php?rest_route=\/wp\/v2\/posts"}],"about":[{"href":"https:\/\/tacuarembo.gub.uy\/index.php?rest_route=\/wp\/v2\/types\/post"}],"author":[{"embeddable":true,"href":"https:\/\/tacuarembo.gub.uy\/index.php?rest_route=\/wp\/v2\/users\/3"}],"replies":[{"embeddable":true,"href":"https:\/\/tacuarembo.gub.uy\/index.php?rest_route=%2Fwp%2Fv2%2Fcomments&post=11468"}],"version-history":[{"count":6,"href":"https:\/\/tacuarembo.gub.uy\/index.php?rest_route=\/wp\/v2\/posts\/11468\/revisions"}],"predecessor-version":[{"id":11498,"href":"https:\/\/tacuarembo.gub.uy\/index.php?rest_route=\/wp\/v2\/posts\/11468\/revisions\/11498"}],"wp:featuredmedia":[{"embeddable":true,"href":"https:\/\/tacuarembo.gub.uy\/index.php?rest_route=\/wp\/v2\/media\/11471"}],"wp:attachment":[{"href":"https:\/\/tacuarembo.gub.uy\/index.php?rest_route=%2Fwp%2Fv2%2Fmedia&parent=11468"}],"wp:term":[{"taxonomy":"category","embeddable":true,"href":"https:\/\/tacuarembo.gub.uy\/index.php?rest_route=%2Fwp%2Fv2%2Fcategories&post=11468"},{"taxonomy":"post_tag","embeddable":true,"href":"https:\/\/tacuarembo.gub.uy\/index.php?rest_route=%2Fwp%2Fv2%2Ftags&post=11468"}],"curies":[{"name":"wp","href":"https:\/\/api.w.org\/{rel}","templated":true}]}}