{"id":11461,"date":"2021-06-15T15:21:07","date_gmt":"2021-06-15T18:21:07","guid":{"rendered":"https:\/\/tacuarembo.gub.uy\/?p=11461"},"modified":"2024-07-10T17:21:23","modified_gmt":"2024-07-10T20:21:23","slug":"intendencia-fortalece-vinculos-con-la-secretaria-nacional-de-drogas-y-el-intendente-wilson-ezquerra-solicita-que-tratamientos-ambulatorios-lleguen-al-interior-del-departamento","status":"publish","type":"post","link":"https:\/\/tacuarembo.gub.uy\/?p=11461","title":{"rendered":"Intendencia fortalece v\u00ednculos con la Secretaria Nacional de Drogas y el Intendente Wilson Ezquerra, solicita que tratamientos ambulatorios lleguen al interior del Departamento"},"content":{"rendered":"\n<p>El Intendente de Tacuaremb\u00f3, Wilson Ezquerra recibi\u00f3 en el despacho principal al Secretario General de la Secretaria Nacional de Drogas, Dr. Daniel Rad\u00edo para abordar diversos temas inherentes a la actualidad departamental entre ellos comenzar a trabajar en la necesidad planteada por el Intendente de que \u00e9ste enclave regional tenga un Centro de Recuperaci\u00f3n que atienda las diversas situaciones de adicciones en el norte del Pa\u00eds. Ezquerra tambi\u00e9n le plante\u00f3 al Dr. Rad\u00edo la necesidad de que el dispositivo ciudadela que atiende a diferentes personas en ese contexto junto a la Junta Departamental de Drogas, pueda llegar a localidades del interior profundo entre ellas Villa Caraguat\u00e1, Villa Ansina, San Gregorio y Tambores, con ese tratamiento ambulatorio. \u201cEs muy importante coordinar y dar un paso m\u00e1s en la atenci\u00f3n\u201d dijo el Wilson Ezquerra. Por su parte el Dr. Daniel Rad\u00edo puntualiz\u00f3 \u201cQue los cambios demogr\u00e1ficos traen cosas buenas, pero tambi\u00e9n vienen con otros impactos negativos entre ellos la problem\u00e1tica de la droga\u201d. Ignacio Borad referente local de la JDD se\u00f1al\u00f3 \u201cQue el trabajo se viene realizando desde hace varios a\u00f1os, que esta fue una muy linda instancia de acercamiento, donde se ven posibilidades, recursos y queda el compromiso de avanzar ante la diversidad de consumo problem\u00e1tico\u201d.<\/p>\n\n\n\n\t\t<style type=\"text\/css\">\n\t\t\t#gallery-1 {\n\t\t\t\tmargin: auto;\n\t\t\t}\n\t\t\t#gallery-1 .gallery-item {\n\t\t\t\tfloat: left;\n\t\t\t\tmargin-top: 10px;\n\t\t\t\ttext-align: center;\n\t\t\t\twidth: 25%;\n\t\t\t}\n\t\t\t#gallery-1 img {\n\t\t\t\tborder: 2px solid #cfcfcf;\n\t\t\t}\n\t\t\t#gallery-1 .gallery-caption {\n\t\t\t\tmargin-left: 0;\n\t\t\t}\n\t\t\t\/* see gallery_shortcode() in wp-includes\/media.php *\/\n\t\t<\/style>\n\t\t<div id='gallery-1' class='gallery galleryid-11461 gallery-columns-4 gallery-size-large'><dl class='gallery-item'>\n\t\t\t<dt class='gallery-icon landscape'>\n\t\t\t\t<a href='https:\/\/tacuarembo.gub.uy\/wp-content\/uploads\/WhatsApp-Image-2021-06-15-at-15.14.09.jpeg'><img loading=\"lazy\" decoding=\"async\" width=\"800\" height=\"420\" src=\"https:\/\/tacuarembo.gub.uy\/wp-content\/uploads\/WhatsApp-Image-2021-06-15-at-15.14.09-800x420.jpeg\" class=\"attachment-large size-large\" alt=\"\" \/><\/a>\n\t\t\t<\/dt><\/dl><dl class='gallery-item'>\n\t\t\t<dt class='gallery-icon landscape'>\n\t\t\t\t<a href='https:\/\/tacuarembo.gub.uy\/wp-content\/uploads\/WhatsApp-Image-2021-06-15-at-15.14.092.jpeg'><img loading=\"lazy\" decoding=\"async\" width=\"800\" height=\"420\" src=\"https:\/\/tacuarembo.gub.uy\/wp-content\/uploads\/WhatsApp-Image-2021-06-15-at-15.14.092-800x420.jpeg\" class=\"attachment-large size-large\" alt=\"\" \/><\/a>\n\t\t\t<\/dt><\/dl><dl class='gallery-item'>\n\t\t\t<dt class='gallery-icon landscape'>\n\t\t\t\t<a href='https:\/\/tacuarembo.gub.uy\/wp-content\/uploads\/WhatsApp-Image-2021-06-15-at-15.14.091.jpeg'><img loading=\"lazy\" decoding=\"async\" width=\"800\" height=\"420\" src=\"https:\/\/tacuarembo.gub.uy\/wp-content\/uploads\/WhatsApp-Image-2021-06-15-at-15.14.091-800x420.jpeg\" class=\"attachment-large size-large\" alt=\"\" \/><\/a>\n\t\t\t<\/dt><\/dl><dl class='gallery-item'>\n\t\t\t<dt class='gallery-icon landscape'>\n\t\t\t\t<a href='https:\/\/tacuarembo.gub.uy\/wp-content\/uploads\/WhatsApp-Image-2021-06-15-at-15.14.08.jpeg'><img loading=\"lazy\" decoding=\"async\" width=\"800\" height=\"420\" src=\"https:\/\/tacuarembo.gub.uy\/wp-content\/uploads\/WhatsApp-Image-2021-06-15-at-15.14.08-800x420.jpeg\" class=\"attachment-large size-large\" alt=\"\" \/><\/a>\n\t\t\t<\/dt><\/dl><br style=\"clear: both\" \/>\n\t\t<\/div>\n\n\n\n<iframe loading=\"lazy\" src=\"https:\/\/www.youtube.com\/embed\/Wl6ozgwEBlE\" title=\"YouTube video player\" allow=\"accelerometer; autoplay; clipboard-write; encrypted-media; gyroscope; picture-in-picture\" allowfullscreen=\"\" width=\"709\" height=\"399\" frameborder=\"0\"><\/iframe>\n","protected":false},"excerpt":{"rendered":"<p>El Intendente de Tacuaremb\u00f3, Wilson Ezquerra recibi\u00f3 en el despacho principal al Secretario General de la Secretaria Nacional de Drogas, Dr. Daniel Rad\u00edo para abordar diversos temas inherentes a la actualidad departamental entre ellos comenzar a trabajar en la necesidad planteada por el Intendente de que \u00e9ste enclave regional tenga un Centro de Recuperaci\u00f3n que atienda las diversas situaciones de adicciones en el norte del Pa\u00eds<\/p>\n","protected":false},"author":3,"featured_media":11465,"comment_status":"open","ping_status":"open","sticky":false,"template":"","format":"standard","meta":{"_eb_attr":"","footnotes":""},"categories":[32,16],"tags":[],"class_list":{"0":"post-11461","1":"post","2":"type-post","3":"status-publish","4":"format-standard","5":"has-post-thumbnail","7":"category-juventud","8":"category-noticias"},"_links":{"self":[{"href":"https:\/\/tacuarembo.gub.uy\/index.php?rest_route=\/wp\/v2\/posts\/11461","targetHints":{"allow":["GET"]}}],"collection":[{"href":"https:\/\/tacuarembo.gub.uy\/index.php?rest_route=\/wp\/v2\/posts"}],"about":[{"href":"https:\/\/tacuarembo.gub.uy\/index.php?rest_route=\/wp\/v2\/types\/post"}],"author":[{"embeddable":true,"href":"https:\/\/tacuarembo.gub.uy\/index.php?rest_route=\/wp\/v2\/users\/3"}],"replies":[{"embeddable":true,"href":"https:\/\/tacuarembo.gub.uy\/index.php?rest_route=%2Fwp%2Fv2%2Fcomments&post=11461"}],"version-history":[{"count":5,"href":"https:\/\/tacuarembo.gub.uy\/index.php?rest_route=\/wp\/v2\/posts\/11461\/revisions"}],"predecessor-version":[{"id":26412,"href":"https:\/\/tacuarembo.gub.uy\/index.php?rest_route=\/wp\/v2\/posts\/11461\/revisions\/26412"}],"wp:featuredmedia":[{"embeddable":true,"href":"https:\/\/tacuarembo.gub.uy\/index.php?rest_route=\/wp\/v2\/media\/11465"}],"wp:attachment":[{"href":"https:\/\/tacuarembo.gub.uy\/index.php?rest_route=%2Fwp%2Fv2%2Fmedia&parent=11461"}],"wp:term":[{"taxonomy":"category","embeddable":true,"href":"https:\/\/tacuarembo.gub.uy\/index.php?rest_route=%2Fwp%2Fv2%2Fcategories&post=11461"},{"taxonomy":"post_tag","embeddable":true,"href":"https:\/\/tacuarembo.gub.uy\/index.php?rest_route=%2Fwp%2Fv2%2Ftags&post=11461"}],"curies":[{"name":"wp","href":"https:\/\/api.w.org\/{rel}","templated":true}]}}