{"id":11410,"date":"2021-06-09T15:39:39","date_gmt":"2021-06-09T18:39:39","guid":{"rendered":"https:\/\/tacuarembo.gub.uy\/?p=11410"},"modified":"2021-06-17T15:14:25","modified_gmt":"2021-06-17T18:14:25","slug":"la-segunda-charla-desde-la-sala-brocco-el-tema-fue-sobre-medio-ambiente","status":"publish","type":"post","link":"https:\/\/tacuarembo.gub.uy\/?p=11410","title":{"rendered":"Segunda charla desde la Sala Brocco; el tema fue sobre Medio Ambiente"},"content":{"rendered":"\n<p>En el marco del D\u00eda del Medio Ambiente se desarroll\u00f3 la segunda Charla Cultural Inclusiva organizada por la Intendencia de Tacuaremb\u00f3 a trav\u00e9s de la Direcci\u00f3n General de Cultura y en esta oportunidad se cont\u00f3 con la presencia de los referentes de la ONG Ag\u00fcita, los ingenieros Andr\u00e9s Berrutti y Martin Jaurena.<\/p>\n\n\n\n<iframe loading=\"lazy\" src=\"https:\/\/www.youtube.com\/embed\/LllgS47KSTE\" title=\"YouTube video player\" allow=\"accelerometer; autoplay; clipboard-write; encrypted-media; gyroscope; picture-in-picture\" allowfullscreen=\"\" width=\"709\" height=\"399\" frameborder=\"0\"><\/iframe>\n","protected":false},"excerpt":{"rendered":"<p>En el marco del D\u00eda del Medio Ambiente se desarroll\u00f3 la segunda Charla Cultural Inclusiva organizada por la Intendencia de Tacuaremb\u00f3 a trav\u00e9s de la&#8230;<\/p>\n","protected":false},"author":3,"featured_media":11411,"comment_status":"open","ping_status":"open","sticky":false,"template":"","format":"standard","meta":{"_eb_attr":"","footnotes":""},"categories":[18,29,16],"tags":[],"class_list":{"0":"post-11410","1":"post","2":"type-post","3":"status-publish","4":"format-standard","5":"has-post-thumbnail","7":"category-cultura","8":"category-medio-ambiente","9":"category-noticias"},"_links":{"self":[{"href":"https:\/\/tacuarembo.gub.uy\/index.php?rest_route=\/wp\/v2\/posts\/11410","targetHints":{"allow":["GET"]}}],"collection":[{"href":"https:\/\/tacuarembo.gub.uy\/index.php?rest_route=\/wp\/v2\/posts"}],"about":[{"href":"https:\/\/tacuarembo.gub.uy\/index.php?rest_route=\/wp\/v2\/types\/post"}],"author":[{"embeddable":true,"href":"https:\/\/tacuarembo.gub.uy\/index.php?rest_route=\/wp\/v2\/users\/3"}],"replies":[{"embeddable":true,"href":"https:\/\/tacuarembo.gub.uy\/index.php?rest_route=%2Fwp%2Fv2%2Fcomments&post=11410"}],"version-history":[{"count":2,"href":"https:\/\/tacuarembo.gub.uy\/index.php?rest_route=\/wp\/v2\/posts\/11410\/revisions"}],"predecessor-version":[{"id":11421,"href":"https:\/\/tacuarembo.gub.uy\/index.php?rest_route=\/wp\/v2\/posts\/11410\/revisions\/11421"}],"wp:featuredmedia":[{"embeddable":true,"href":"https:\/\/tacuarembo.gub.uy\/index.php?rest_route=\/wp\/v2\/media\/11411"}],"wp:attachment":[{"href":"https:\/\/tacuarembo.gub.uy\/index.php?rest_route=%2Fwp%2Fv2%2Fmedia&parent=11410"}],"wp:term":[{"taxonomy":"category","embeddable":true,"href":"https:\/\/tacuarembo.gub.uy\/index.php?rest_route=%2Fwp%2Fv2%2Fcategories&post=11410"},{"taxonomy":"post_tag","embeddable":true,"href":"https:\/\/tacuarembo.gub.uy\/index.php?rest_route=%2Fwp%2Fv2%2Ftags&post=11410"}],"curies":[{"name":"wp","href":"https:\/\/api.w.org\/{rel}","templated":true}]}}