{"id":11393,"date":"2021-06-04T23:15:05","date_gmt":"2021-06-05T02:15:05","guid":{"rendered":"https:\/\/tacuarembo.gub.uy\/?p=11393"},"modified":"2021-06-04T23:15:05","modified_gmt":"2021-06-05T02:15:05","slug":"5-de-junio-dia-mundial-del-medio-ambiente-2","status":"publish","type":"post","link":"https:\/\/tacuarembo.gub.uy\/?p=11393","title":{"rendered":"5 de Junio \u201c D\u00eda Mundial del Medio Ambiente\u201d"},"content":{"rendered":"\n<p><br>La Intendencia de Tacuaremb\u00f3 a trav\u00e9s de la Direcci\u00f3n de Ambiente, resalta en esta fecha especial de concientizaci\u00f3n, que promueve a diario, el enorme valor de cuidar nuestra naturaleza con acciones que apuntan a protegerla, estimulando en los ciudadanos esa premisa, de lograr un futuro m\u00e1s sostenible. En ese sentido, se est\u00e1n preparando una serie de acciones que se llevar\u00e1n adelante, en forma conjunta con los vecinos del departamento, en busca de contribuir a revertir la degradaci\u00f3n de los ecosistemas y cuidar entre todos el Medio Ambiente. Como ciudadanos de este suelo, debemos ser audaces y activos, en la b\u00fasqueda de mejorar el planeta. Reiteramos la importancia de avanzar hacia ese cambio cultural, que nos permita reciclar, desde el concepto \u201cSi reciclas, no es Basura\u201d integr\u00e1ndonos a una econom\u00eda circular.<\/p>\n","protected":false},"excerpt":{"rendered":"<p>La Intendencia de Tacuaremb\u00f3 a trav\u00e9s de la Direcci\u00f3n de Ambiente, resalta en esta fecha especial de concientizaci\u00f3n, que promueve a diario, el enorme valor de cuidar nuestra naturaleza con acciones que apuntan a protegerla, estimulando en los ciudadanos esa premisa, de lograr un futuro m\u00e1s sostenible<\/p>\n","protected":false},"author":3,"featured_media":11394,"comment_status":"open","ping_status":"open","sticky":false,"template":"","format":"standard","meta":{"_eb_attr":"","footnotes":""},"categories":[29,16],"tags":[],"class_list":{"0":"post-11393","1":"post","2":"type-post","3":"status-publish","4":"format-standard","5":"has-post-thumbnail","7":"category-medio-ambiente","8":"category-noticias"},"_links":{"self":[{"href":"https:\/\/tacuarembo.gub.uy\/index.php?rest_route=\/wp\/v2\/posts\/11393","targetHints":{"allow":["GET"]}}],"collection":[{"href":"https:\/\/tacuarembo.gub.uy\/index.php?rest_route=\/wp\/v2\/posts"}],"about":[{"href":"https:\/\/tacuarembo.gub.uy\/index.php?rest_route=\/wp\/v2\/types\/post"}],"author":[{"embeddable":true,"href":"https:\/\/tacuarembo.gub.uy\/index.php?rest_route=\/wp\/v2\/users\/3"}],"replies":[{"embeddable":true,"href":"https:\/\/tacuarembo.gub.uy\/index.php?rest_route=%2Fwp%2Fv2%2Fcomments&post=11393"}],"version-history":[{"count":1,"href":"https:\/\/tacuarembo.gub.uy\/index.php?rest_route=\/wp\/v2\/posts\/11393\/revisions"}],"predecessor-version":[{"id":11395,"href":"https:\/\/tacuarembo.gub.uy\/index.php?rest_route=\/wp\/v2\/posts\/11393\/revisions\/11395"}],"wp:featuredmedia":[{"embeddable":true,"href":"https:\/\/tacuarembo.gub.uy\/index.php?rest_route=\/wp\/v2\/media\/11394"}],"wp:attachment":[{"href":"https:\/\/tacuarembo.gub.uy\/index.php?rest_route=%2Fwp%2Fv2%2Fmedia&parent=11393"}],"wp:term":[{"taxonomy":"category","embeddable":true,"href":"https:\/\/tacuarembo.gub.uy\/index.php?rest_route=%2Fwp%2Fv2%2Fcategories&post=11393"},{"taxonomy":"post_tag","embeddable":true,"href":"https:\/\/tacuarembo.gub.uy\/index.php?rest_route=%2Fwp%2Fv2%2Ftags&post=11393"}],"curies":[{"name":"wp","href":"https:\/\/api.w.org\/{rel}","templated":true}]}}