{"id":11330,"date":"2021-05-31T22:06:13","date_gmt":"2021-06-01T01:06:13","guid":{"rendered":"https:\/\/tacuarembo.gub.uy\/?p=11330"},"modified":"2021-06-01T15:11:12","modified_gmt":"2021-06-01T18:11:12","slug":"al-amparo-de-la-ley-19684-se-realizo-el-sorteo-para-completar-el-cupo-departamental-en-el-programa-oportunidad-laboral-de-1-titular-y-dos-respectivos-suplentes","status":"publish","type":"post","link":"https:\/\/tacuarembo.gub.uy\/?p=11330","title":{"rendered":"Al amparo de la Ley 19684 se realiz\u00f3 el sorteo para completar el cupo departamental en el Programa Oportunidad Laboral de 1 titular y dos respectivos suplentes"},"content":{"rendered":"\n<p>En la Sala de Sesiones de la Intendencia se sorte\u00f3 1 titular y dos suplentes con la fiscalizaci\u00f3n del escribano Fernando G\u00f3mez y la presencia del Sec. Gral. de la Intendencia, Dr. Jos\u00e9 O. Men\u00e9ndez y de la edil Alejandra Da Rosa en representaci\u00f3n de la Junta Departamental de Tacuaremb\u00f3, adem\u00e1s del equipo de RRHH de la IDT con su Directora Gimena Olivera y la t\u00e9cnica prevencionista Sofia Rossi.<br>La Intendencia se hace cargo de estos cupos sorteados y los titulares deber\u00e1n presentarse ante las dependencias municipales con fotocopia de CI, Credencial, constancia de domicilio, recibo de Ose, Ute, Antel o comprobante expedido por la seccional policial y si tienen fotocopia del carn\u00e9 de salud.<\/p>\n\n\n\n<iframe loading=\"lazy\" src=\"https:\/\/www.facebook.com\/plugins\/video.php?height=286&#038;href=https%3A%2F%2Fwww.facebook.com%2F1542852626029966%2Fvideos%2F1497363113928917%2F&#038;show_text=false&#038;width=560&#038;t=0\" width=\"560\" height=\"286\" style=\"border:none;overflow:hidden\" scrolling=\"no\" frameborder=\"0\" allowfullscreen=\"true\" allow=\"autoplay; clipboard-write; encrypted-media; picture-in-picture; web-share\" allowFullScreen=\"true\"><\/iframe>\n","protected":false},"excerpt":{"rendered":"<p>En la Sala de Sesiones de la Intendencia se sorte\u00f3 1 titular y dos suplentes con la fiscalizaci\u00f3n del escribano Fernando G\u00f3mez y la presencia del Sec. Gral. de la Intendencia, Dr. Jos\u00e9 O. Men\u00e9ndez y de la edil Alejandra Da Rosa en representaci\u00f3n de la Junta Departamental de Tacuaremb\u00f3, adem\u00e1s del equipo de RRHH de la IDT con su Directora Gimena Olivera y la t\u00e9cnica prevencionista Sofia Rossi<\/p>\n","protected":false},"author":3,"featured_media":11331,"comment_status":"open","ping_status":"open","sticky":false,"template":"","format":"standard","meta":{"_eb_attr":"","footnotes":""},"categories":[16],"tags":[],"class_list":{"0":"post-11330","1":"post","2":"type-post","3":"status-publish","4":"format-standard","5":"has-post-thumbnail","7":"category-noticias"},"_links":{"self":[{"href":"https:\/\/tacuarembo.gub.uy\/index.php?rest_route=\/wp\/v2\/posts\/11330","targetHints":{"allow":["GET"]}}],"collection":[{"href":"https:\/\/tacuarembo.gub.uy\/index.php?rest_route=\/wp\/v2\/posts"}],"about":[{"href":"https:\/\/tacuarembo.gub.uy\/index.php?rest_route=\/wp\/v2\/types\/post"}],"author":[{"embeddable":true,"href":"https:\/\/tacuarembo.gub.uy\/index.php?rest_route=\/wp\/v2\/users\/3"}],"replies":[{"embeddable":true,"href":"https:\/\/tacuarembo.gub.uy\/index.php?rest_route=%2Fwp%2Fv2%2Fcomments&post=11330"}],"version-history":[{"count":2,"href":"https:\/\/tacuarembo.gub.uy\/index.php?rest_route=\/wp\/v2\/posts\/11330\/revisions"}],"predecessor-version":[{"id":11359,"href":"https:\/\/tacuarembo.gub.uy\/index.php?rest_route=\/wp\/v2\/posts\/11330\/revisions\/11359"}],"wp:featuredmedia":[{"embeddable":true,"href":"https:\/\/tacuarembo.gub.uy\/index.php?rest_route=\/wp\/v2\/media\/11331"}],"wp:attachment":[{"href":"https:\/\/tacuarembo.gub.uy\/index.php?rest_route=%2Fwp%2Fv2%2Fmedia&parent=11330"}],"wp:term":[{"taxonomy":"category","embeddable":true,"href":"https:\/\/tacuarembo.gub.uy\/index.php?rest_route=%2Fwp%2Fv2%2Fcategories&post=11330"},{"taxonomy":"post_tag","embeddable":true,"href":"https:\/\/tacuarembo.gub.uy\/index.php?rest_route=%2Fwp%2Fv2%2Ftags&post=11330"}],"curies":[{"name":"wp","href":"https:\/\/api.w.org\/{rel}","templated":true}]}}