{"id":11317,"date":"2021-05-31T15:46:09","date_gmt":"2021-05-31T18:46:09","guid":{"rendered":"https:\/\/tacuarembo.gub.uy\/?p=11317"},"modified":"2021-05-31T15:46:09","modified_gmt":"2021-05-31T18:46:09","slug":"la-intendencia-recibio-a-traves-del-municipio-de-paso-de-los-toros-el-nuevo-vertedero-construido-por-upm","status":"publish","type":"post","link":"https:\/\/tacuarembo.gub.uy\/?p=11317","title":{"rendered":"La Intendencia recibi\u00f3 a trav\u00e9s del Municipio de Paso de los Toros, el nuevo vertedero construido por UPM"},"content":{"rendered":"\n<p>En presencia del Ministro de Medio Ambiente Adri\u00e1n Pe\u00f1a, se hizo entrega del nuevo vertedero por parte de la empresa UPM al Municipio de Paso de los Toros.<br>La obra concretada por las empresas contratistas Teyma, Incoci y Cagnoli, recibir\u00e1 en principio un volumen de 11 mil metros c\u00fabicos de residuos del anterior vertedero, para lograr la clausura de \u00e9ste.<br>El Alcalde Luis Irigoin manifest\u00f3 su benepl\u00e1cito y expres\u00f3 \u00abel compromiso de redoblar esfuerzos\u00bb para realizar un buen trabajo, exhortando a los vecinos al compromiso de una buena clasificaci\u00f3n \u00abporque as\u00ed se potencia el Proyecto Vida\u00bb.<br>Agreg\u00f3 que en breve se lanzar\u00e1 \u00abun llamado a licitaci\u00f3n para la contrataci\u00f3n de una empresa que opere sobre el vertedero\u00bb.<br>El Ministro Pe\u00f1a destac\u00f3 \u00abser testigo de la entrega de una obra exigida a UPM por el Ministerio anterior y para nosotros es la continuidad institucional\u00bb.<br>(Fotos: Gentileza Juan M. Andrada)<\/p>\n\n\n\n<figure class=\"wp-block-gallery columns-3 is-cropped wp-block-gallery-1 is-layout-flex wp-block-gallery-is-layout-flex\"><ul class=\"blocks-gallery-grid\"><li class=\"blocks-gallery-item\"><figure><img loading=\"lazy\" decoding=\"async\" width=\"800\" height=\"420\" src=\"https:\/\/tacuarembo.gub.uy\/wp-content\/uploads\/WhatsApp-Image-2021-05-31-at-15.29.181-800x420.jpeg\" alt=\"\" data-id=\"11318\" data-full-url=\"https:\/\/tacuarembo.gub.uy\/wp-content\/uploads\/WhatsApp-Image-2021-05-31-at-15.29.181.jpeg\" data-link=\"https:\/\/tacuarembo.gub.uy\/?attachment_id=11318\" class=\"wp-image-11318\"\/><\/figure><\/li><li class=\"blocks-gallery-item\"><figure><img loading=\"lazy\" decoding=\"async\" width=\"800\" height=\"420\" src=\"https:\/\/tacuarembo.gub.uy\/wp-content\/uploads\/WhatsApp-Image-2021-05-31-at-15.29.18-800x420.jpeg\" alt=\"\" data-id=\"11319\" data-full-url=\"https:\/\/tacuarembo.gub.uy\/wp-content\/uploads\/WhatsApp-Image-2021-05-31-at-15.29.18.jpeg\" data-link=\"https:\/\/tacuarembo.gub.uy\/?attachment_id=11319\" class=\"wp-image-11319\"\/><\/figure><\/li><li class=\"blocks-gallery-item\"><figure><img loading=\"lazy\" decoding=\"async\" width=\"800\" height=\"420\" src=\"https:\/\/tacuarembo.gub.uy\/wp-content\/uploads\/WhatsApp-Image-2021-05-31-at-15.29.171-800x420.jpeg\" alt=\"\" data-id=\"11320\" data-full-url=\"https:\/\/tacuarembo.gub.uy\/wp-content\/uploads\/WhatsApp-Image-2021-05-31-at-15.29.171.jpeg\" data-link=\"https:\/\/tacuarembo.gub.uy\/?attachment_id=11320\" class=\"wp-image-11320\"\/><\/figure><\/li><li class=\"blocks-gallery-item\"><figure><img loading=\"lazy\" decoding=\"async\" width=\"800\" height=\"420\" src=\"https:\/\/tacuarembo.gub.uy\/wp-content\/uploads\/WhatsApp-Image-2021-05-31-at-15.29.17-800x420.jpeg\" alt=\"\" data-id=\"11321\" data-full-url=\"https:\/\/tacuarembo.gub.uy\/wp-content\/uploads\/WhatsApp-Image-2021-05-31-at-15.29.17.jpeg\" data-link=\"https:\/\/tacuarembo.gub.uy\/?attachment_id=11321\" class=\"wp-image-11321\"\/><\/figure><\/li><li class=\"blocks-gallery-item\"><figure><img loading=\"lazy\" decoding=\"async\" width=\"800\" height=\"420\" src=\"https:\/\/tacuarembo.gub.uy\/wp-content\/uploads\/WhatsApp-Image-2021-05-31-at-15.29.15-800x420.jpeg\" alt=\"\" data-id=\"11322\" data-full-url=\"https:\/\/tacuarembo.gub.uy\/wp-content\/uploads\/WhatsApp-Image-2021-05-31-at-15.29.15.jpeg\" data-link=\"https:\/\/tacuarembo.gub.uy\/?attachment_id=11322\" class=\"wp-image-11322\"\/><\/figure><\/li><\/ul><\/figure>\n","protected":false},"excerpt":{"rendered":"<p>En presencia del Ministro de Medio Ambiente Adri\u00e1n Pe\u00f1a, se hizo entrega del nuevo vertedero por parte de la empresa UPM al Municipio de Paso de los Toros.<br \/>\nLa obra concretada por las empresas contratistas Teyma, Incoci y Cagnoli, recibir\u00e1 en principio un volumen de 11 mil metros c\u00fabicos de residuos del anterior vertedero, para lograr la clausura de \u00e9ste.<\/p>\n","protected":false},"author":3,"featured_media":11318,"comment_status":"open","ping_status":"open","sticky":false,"template":"","format":"standard","meta":{"_eb_attr":"","footnotes":""},"categories":[29,16],"tags":[],"class_list":{"0":"post-11317","1":"post","2":"type-post","3":"status-publish","4":"format-standard","5":"has-post-thumbnail","7":"category-medio-ambiente","8":"category-noticias"},"_links":{"self":[{"href":"https:\/\/tacuarembo.gub.uy\/index.php?rest_route=\/wp\/v2\/posts\/11317","targetHints":{"allow":["GET"]}}],"collection":[{"href":"https:\/\/tacuarembo.gub.uy\/index.php?rest_route=\/wp\/v2\/posts"}],"about":[{"href":"https:\/\/tacuarembo.gub.uy\/index.php?rest_route=\/wp\/v2\/types\/post"}],"author":[{"embeddable":true,"href":"https:\/\/tacuarembo.gub.uy\/index.php?rest_route=\/wp\/v2\/users\/3"}],"replies":[{"embeddable":true,"href":"https:\/\/tacuarembo.gub.uy\/index.php?rest_route=%2Fwp%2Fv2%2Fcomments&post=11317"}],"version-history":[{"count":1,"href":"https:\/\/tacuarembo.gub.uy\/index.php?rest_route=\/wp\/v2\/posts\/11317\/revisions"}],"predecessor-version":[{"id":11323,"href":"https:\/\/tacuarembo.gub.uy\/index.php?rest_route=\/wp\/v2\/posts\/11317\/revisions\/11323"}],"wp:featuredmedia":[{"embeddable":true,"href":"https:\/\/tacuarembo.gub.uy\/index.php?rest_route=\/wp\/v2\/media\/11318"}],"wp:attachment":[{"href":"https:\/\/tacuarembo.gub.uy\/index.php?rest_route=%2Fwp%2Fv2%2Fmedia&parent=11317"}],"wp:term":[{"taxonomy":"category","embeddable":true,"href":"https:\/\/tacuarembo.gub.uy\/index.php?rest_route=%2Fwp%2Fv2%2Fcategories&post=11317"},{"taxonomy":"post_tag","embeddable":true,"href":"https:\/\/tacuarembo.gub.uy\/index.php?rest_route=%2Fwp%2Fv2%2Ftags&post=11317"}],"curies":[{"name":"wp","href":"https:\/\/api.w.org\/{rel}","templated":true}]}}