{"id":11306,"date":"2021-05-28T20:16:46","date_gmt":"2021-05-28T23:16:46","guid":{"rendered":"https:\/\/tacuarembo.gub.uy\/?p=11306"},"modified":"2021-05-28T20:16:46","modified_gmt":"2021-05-28T23:16:46","slug":"charlas-culturales-virtuales","status":"publish","type":"post","link":"https:\/\/tacuarembo.gub.uy\/?p=11306","title":{"rendered":"Charlas Culturales virtuales"},"content":{"rendered":"\n<p>La Intendencia de Tacuaremb\u00f3 informa a trav\u00e9s de la Dir.Gral. de Educaci\u00f3n y Cultura, que a partir de este presente viernes 28 se comenzar\u00e1 el ciclo de Charlas Culturales Virtuales inclusivas, las cuales se emitir\u00e1n a la hora 20:30 desde Sala Brocco, en el marco de la Semana del Libro, en la que nos acompa\u00f1ar\u00e1n los escritores Ignacio Borad y Roc\u00edo Medina.<\/p>\n","protected":false},"excerpt":{"rendered":"<p>La Intendencia de Tacuaremb\u00f3 informa a trav\u00e9s de la Dir.Gral. de Educaci\u00f3n y Cultura, que a partir de este presente viernes 28 se comenzar\u00e1 el ciclo de Charlas Culturales Virtuales inclusivas<\/p>\n","protected":false},"author":3,"featured_media":11307,"comment_status":"open","ping_status":"open","sticky":false,"template":"","format":"standard","meta":{"_eb_attr":"","footnotes":""},"categories":[16],"tags":[],"class_list":{"0":"post-11306","1":"post","2":"type-post","3":"status-publish","4":"format-standard","5":"has-post-thumbnail","7":"category-noticias"},"_links":{"self":[{"href":"https:\/\/tacuarembo.gub.uy\/index.php?rest_route=\/wp\/v2\/posts\/11306","targetHints":{"allow":["GET"]}}],"collection":[{"href":"https:\/\/tacuarembo.gub.uy\/index.php?rest_route=\/wp\/v2\/posts"}],"about":[{"href":"https:\/\/tacuarembo.gub.uy\/index.php?rest_route=\/wp\/v2\/types\/post"}],"author":[{"embeddable":true,"href":"https:\/\/tacuarembo.gub.uy\/index.php?rest_route=\/wp\/v2\/users\/3"}],"replies":[{"embeddable":true,"href":"https:\/\/tacuarembo.gub.uy\/index.php?rest_route=%2Fwp%2Fv2%2Fcomments&post=11306"}],"version-history":[{"count":1,"href":"https:\/\/tacuarembo.gub.uy\/index.php?rest_route=\/wp\/v2\/posts\/11306\/revisions"}],"predecessor-version":[{"id":11308,"href":"https:\/\/tacuarembo.gub.uy\/index.php?rest_route=\/wp\/v2\/posts\/11306\/revisions\/11308"}],"wp:featuredmedia":[{"embeddable":true,"href":"https:\/\/tacuarembo.gub.uy\/index.php?rest_route=\/wp\/v2\/media\/11307"}],"wp:attachment":[{"href":"https:\/\/tacuarembo.gub.uy\/index.php?rest_route=%2Fwp%2Fv2%2Fmedia&parent=11306"}],"wp:term":[{"taxonomy":"category","embeddable":true,"href":"https:\/\/tacuarembo.gub.uy\/index.php?rest_route=%2Fwp%2Fv2%2Fcategories&post=11306"},{"taxonomy":"post_tag","embeddable":true,"href":"https:\/\/tacuarembo.gub.uy\/index.php?rest_route=%2Fwp%2Fv2%2Ftags&post=11306"}],"curies":[{"name":"wp","href":"https:\/\/api.w.org\/{rel}","templated":true}]}}