{"id":11164,"date":"2021-05-21T15:08:49","date_gmt":"2021-05-21T18:08:49","guid":{"rendered":"https:\/\/tacuarembo.gub.uy\/?p=11164"},"modified":"2021-05-25T09:19:49","modified_gmt":"2021-05-25T12:19:49","slug":"el-intendente-wilson-ezquerra-recibio-al-subsecretario-de-medio-ambiente-dr-gerardo-amarilla","status":"publish","type":"post","link":"https:\/\/tacuarembo.gub.uy\/?p=11164","title":{"rendered":"El Intendente Wilson Ezquerra recibi\u00f3 al subsecretario de Medio Ambiente, Dr. Gerardo Amarilla"},"content":{"rendered":"\n<p>El encuentro tuvo como objetivo intercambiar entre los equipos t\u00e9cnicos l\u00edneas de gesti\u00f3n y planificar futuras acciones en el marco de convenios a desarrollar. Participaron del encuentro las \u00e1reas de Proyectos y Medio Ambiente de la Intendencia de Tacuaremb\u00f3 y el Alcalde de Paso de los Toros, Luis Irigoin. Siempre se trata de proteger nuestro ambiente y con el estreno del ministerio que es nuevo en el pa\u00eds, esta propuesta apunta que se acuerda en este encuentro apunta a trabajar en la econom\u00eda circular, concepto avanzado en el mundo que desarrolla trabajo, inversi\u00f3n con el reciclaje como bandera y en la primera etapa se apuntar\u00e1 a identificar empresas y emprendedores que trabajen en este tema, darles apoyo t\u00e9cnico para capacitar, fortalecer y promover y m\u00e1s adelante se apuntar\u00e1 a implementar el financiamiento con la meta de generar puestos de trabajo, en el marco de la reactivaci\u00f3n econ\u00f3mica hacia el tiempo post pandemia. Reflejamos en el video el momento de la conferencia de prensa en la cual tambi\u00e9n estuvo presente el Director de Medio Ambiente de la IDT, Sol\u00eds Echeverr\u00eda.<\/p>\n\n\n\n<iframe loading=\"lazy\" src=\"https:\/\/www.youtube.com\/embed\/FZOH5a4awSU\" title=\"YouTube video player\" allow=\"accelerometer; autoplay; clipboard-write; encrypted-media; gyroscope; picture-in-picture\" allowfullscreen=\"\" width=\"729\" height=\"410\" frameborder=\"0\"><\/iframe>\n\n\n\n<figure class=\"wp-block-image size-large\"><img loading=\"lazy\" decoding=\"async\" width=\"800\" height=\"420\" src=\"https:\/\/tacuarembo.gub.uy\/wp-content\/uploads\/WhatsApp-Image-2021-05-21-at-15.07.44-800x420.jpeg\" alt=\"\" class=\"wp-image-11165\"\/><\/figure>\n\n\n\n<figure class=\"wp-block-image size-large\"><img decoding=\"async\" src=\"blob:https:\/\/tacuarembo.gub.uy\/59b821f4-5517-4c05-9dd2-21c901f33e56\" alt=\"\"\/><\/figure>\n\n\n\n<figure class=\"wp-block-image size-large\"><img decoding=\"async\" src=\"blob:https:\/\/tacuarembo.gub.uy\/2490257f-2f5f-4c25-a0ca-dd0d3d9fe1e2\" alt=\"\"\/><\/figure>\n\n\n\n<figure class=\"wp-block-image size-large\"><img decoding=\"async\" src=\"blob:https:\/\/tacuarembo.gub.uy\/b3ee084a-a017-40c5-8099-3408d45441f7\" alt=\"\"\/><\/figure>\n","protected":false},"excerpt":{"rendered":"<p>El encuentro tuvo como objetivo intercambiar entre los equipos t\u00e9cnicos l\u00edneas de gesti\u00f3n y planificar futuras acciones en el marco de convenios a desarrollar. Participaron&#8230;<\/p>\n","protected":false},"author":3,"featured_media":11172,"comment_status":"open","ping_status":"open","sticky":false,"template":"","format":"standard","meta":{"_eb_attr":"","footnotes":""},"categories":[29,16],"tags":[],"class_list":{"0":"post-11164","1":"post","2":"type-post","3":"status-publish","4":"format-standard","5":"has-post-thumbnail","7":"category-medio-ambiente","8":"category-noticias"},"_links":{"self":[{"href":"https:\/\/tacuarembo.gub.uy\/index.php?rest_route=\/wp\/v2\/posts\/11164","targetHints":{"allow":["GET"]}}],"collection":[{"href":"https:\/\/tacuarembo.gub.uy\/index.php?rest_route=\/wp\/v2\/posts"}],"about":[{"href":"https:\/\/tacuarembo.gub.uy\/index.php?rest_route=\/wp\/v2\/types\/post"}],"author":[{"embeddable":true,"href":"https:\/\/tacuarembo.gub.uy\/index.php?rest_route=\/wp\/v2\/users\/3"}],"replies":[{"embeddable":true,"href":"https:\/\/tacuarembo.gub.uy\/index.php?rest_route=%2Fwp%2Fv2%2Fcomments&post=11164"}],"version-history":[{"count":2,"href":"https:\/\/tacuarembo.gub.uy\/index.php?rest_route=\/wp\/v2\/posts\/11164\/revisions"}],"predecessor-version":[{"id":11199,"href":"https:\/\/tacuarembo.gub.uy\/index.php?rest_route=\/wp\/v2\/posts\/11164\/revisions\/11199"}],"wp:featuredmedia":[{"embeddable":true,"href":"https:\/\/tacuarembo.gub.uy\/index.php?rest_route=\/wp\/v2\/media\/11172"}],"wp:attachment":[{"href":"https:\/\/tacuarembo.gub.uy\/index.php?rest_route=%2Fwp%2Fv2%2Fmedia&parent=11164"}],"wp:term":[{"taxonomy":"category","embeddable":true,"href":"https:\/\/tacuarembo.gub.uy\/index.php?rest_route=%2Fwp%2Fv2%2Fcategories&post=11164"},{"taxonomy":"post_tag","embeddable":true,"href":"https:\/\/tacuarembo.gub.uy\/index.php?rest_route=%2Fwp%2Fv2%2Ftags&post=11164"}],"curies":[{"name":"wp","href":"https:\/\/api.w.org\/{rel}","templated":true}]}}