{"id":11136,"date":"2021-05-18T18:45:53","date_gmt":"2021-05-18T21:45:53","guid":{"rendered":"https:\/\/tacuarembo.gub.uy\/?p=11136"},"modified":"2021-05-25T09:22:54","modified_gmt":"2021-05-25T12:22:54","slug":"dia-mundial-del-reciclaje-17-de-mayo","status":"publish","type":"post","link":"https:\/\/tacuarembo.gub.uy\/?p=11136","title":{"rendered":"D\u00eda Mundial del Reciclaje 17 de Mayo"},"content":{"rendered":"\n<p>La Intendencia de Tacuaremb\u00f3 a trav\u00e9s de la Direcci\u00f3n de Medio Ambiente en esta semana donde se recuerda el \u201cD\u00eda Mundial del Reciclaje\u201d resalta la importancia de transitar juntos con el compromiso de todos, hacia ese cambio cultural, que nos permita darle un trato diferente a nuestros desechos, contribuyendo a proteger el Medio Ambiente. Hacemos \u00e9nfasis en el concepto \u201cSi reciclas no es Basura\u201d valorando el proceso por el cual un producto ya usado pasa a ser reutilizado formando parte de una Econom\u00eda Circular.<br>Muy pronto desde la Intendencia de Tacuaremb\u00f3 y a trav\u00e9s de la Direcci\u00f3n General de Ambiente trabajaremos junto a los vecinos en el reciclaje, logrando con esta actividad ayudar al cuidado del Medio Ambiente y disminuir los residuos que llegan al sitio de disposici\u00f3n final.<br>Tu reciclado es fundamental, porque \u201cSi Reciclas, No es Basura\u201d.<\/p>\n","protected":false},"excerpt":{"rendered":"<p>La Intendencia de Tacuaremb\u00f3 a trav\u00e9s de la Direcci\u00f3n de Medio Ambiente en esta semana donde se recuerda el \u201cD\u00eda Mundial del Reciclaje\u201d resalta la importancia de transitar juntos con el compromiso de todos<\/p>\n","protected":false},"author":3,"featured_media":11137,"comment_status":"open","ping_status":"open","sticky":false,"template":"","format":"standard","meta":{"_eb_attr":"","footnotes":""},"categories":[29,16],"tags":[],"class_list":{"0":"post-11136","1":"post","2":"type-post","3":"status-publish","4":"format-standard","5":"has-post-thumbnail","7":"category-medio-ambiente","8":"category-noticias"},"_links":{"self":[{"href":"https:\/\/tacuarembo.gub.uy\/index.php?rest_route=\/wp\/v2\/posts\/11136","targetHints":{"allow":["GET"]}}],"collection":[{"href":"https:\/\/tacuarembo.gub.uy\/index.php?rest_route=\/wp\/v2\/posts"}],"about":[{"href":"https:\/\/tacuarembo.gub.uy\/index.php?rest_route=\/wp\/v2\/types\/post"}],"author":[{"embeddable":true,"href":"https:\/\/tacuarembo.gub.uy\/index.php?rest_route=\/wp\/v2\/users\/3"}],"replies":[{"embeddable":true,"href":"https:\/\/tacuarembo.gub.uy\/index.php?rest_route=%2Fwp%2Fv2%2Fcomments&post=11136"}],"version-history":[{"count":1,"href":"https:\/\/tacuarembo.gub.uy\/index.php?rest_route=\/wp\/v2\/posts\/11136\/revisions"}],"predecessor-version":[{"id":11138,"href":"https:\/\/tacuarembo.gub.uy\/index.php?rest_route=\/wp\/v2\/posts\/11136\/revisions\/11138"}],"wp:featuredmedia":[{"embeddable":true,"href":"https:\/\/tacuarembo.gub.uy\/index.php?rest_route=\/wp\/v2\/media\/11137"}],"wp:attachment":[{"href":"https:\/\/tacuarembo.gub.uy\/index.php?rest_route=%2Fwp%2Fv2%2Fmedia&parent=11136"}],"wp:term":[{"taxonomy":"category","embeddable":true,"href":"https:\/\/tacuarembo.gub.uy\/index.php?rest_route=%2Fwp%2Fv2%2Fcategories&post=11136"},{"taxonomy":"post_tag","embeddable":true,"href":"https:\/\/tacuarembo.gub.uy\/index.php?rest_route=%2Fwp%2Fv2%2Ftags&post=11136"}],"curies":[{"name":"wp","href":"https:\/\/api.w.org\/{rel}","templated":true}]}}